{"id":14385,"date":"2021-11-25T12:37:16","date_gmt":"2021-11-25T15:37:16","guid":{"rendered":"https:\/\/cndl.org.br\/varejosasa\/?p=14385"},"modified":"2024-02-04T13:25:39","modified_gmt":"2024-02-04T16:25:39","slug":"cred-conecta-empreendedores-a-servicos-financeiros","status":"publish","type":"post","link":"https:\/\/cndl.org.br\/varejosa\/cred-conecta-empreendedores-a-servicos-financeiros\/","title":{"rendered":"CRED+ conecta empreendedores a servi\u00e7os financeiros"},"content":{"rendered":"\n<p>Est\u00e1 dispon\u00edvel para ser utilizada gratuitamente por microempreendedores individuais (MEI) e donos de micro e pequenas empresas a plataforma Cred+, criada pelo governo federal com apoio do Sebrae, e que visa facilitar o acesso a cr\u00e9dito e a outros servi\u00e7os financeiros.<\/p>\n\n\n\n<p>Por meio da Cred+, \u00e9 poss\u00edvel solicitar a abertura de conta de pessoa jur\u00eddica, buscar por m\u00e1quinas de d\u00e9bito e cr\u00e9dito oferecidas pelas operadoras no munic\u00edpio do empreendimento, antecipar receb\u00edveis e procurar por seguros, investimentos e cr\u00e9dito para diversas finalidades. E para falar mais sobre esse assunto, convidamos para a edi\u00e7\u00e3o do podcast da Ag\u00eancia Sebrae de Not\u00edcias o analista de Capitaliza\u00e7\u00e3o e Servi\u00e7os Financeiros do Sebrae Weniston Abreu.<\/p>\n\n\n\n<p>Ou\u00e7a o podcast do Sebrae:<\/p>\n\n\n\n<figure class=\"wp-block-embed-youtube wp-block-embed is-type-video is-provider-youtube wp-embed-aspect-16-9 wp-has-aspect-ratio\"><div class=\"wp-block-embed__wrapper\">\n<iframe loading=\"lazy\" title=\"CRED+ Conecta Empreendedores a Servi\u00e7os Financeiros | Podcast Sebrae - Ep. 79\" width=\"1100\" height=\"619\" src=\"https:\/\/www.youtube.com\/embed\/IqsrpIu29ZQ?feature=oembed\" frameborder=\"0\" allow=\"accelerometer; autoplay; clipboard-write; encrypted-media; gyroscope; picture-in-picture; web-share\" allowfullscreen><\/iframe>\n<\/div><\/figure>\n","protected":false},"excerpt":{"rendered":"<p>Plataforma criada pelo governo federal com apoio do Sebrae pode ser utilizada gratuitamente<\/p>\n","protected":false},"author":11,"featured_media":14386,"comment_status":"open","ping_status":"open","sticky":false,"template":"","format":"standard","meta":{"footnotes":""},"categories":[26],"tags":[519,724,299,604],"class_list":["post-14385","post","type-post","status-publish","format-standard","has-post-thumbnail","hentry","category-negocios-e-economia","tag-acesso-ao-credito","tag-cred","tag-credito","tag-servicos-financeiros"],"_links":{"self":[{"href":"https:\/\/cndl.org.br\/varejosa\/wp-json\/wp\/v2\/posts\/14385","targetHints":{"allow":["GET"]}}],"collection":[{"href":"https:\/\/cndl.org.br\/varejosa\/wp-json\/wp\/v2\/posts"}],"about":[{"href":"https:\/\/cndl.org.br\/varejosa\/wp-json\/wp\/v2\/types\/post"}],"author":[{"embeddable":true,"href":"https:\/\/cndl.org.br\/varejosa\/wp-json\/wp\/v2\/users\/11"}],"replies":[{"embeddable":true,"href":"https:\/\/cndl.org.br\/varejosa\/wp-json\/wp\/v2\/comments?post=14385"}],"version-history":[{"count":0,"href":"https:\/\/cndl.org.br\/varejosa\/wp-json\/wp\/v2\/posts\/14385\/revisions"}],"wp:featuredmedia":[{"embeddable":true,"href":"https:\/\/cndl.org.br\/varejosa\/wp-json\/wp\/v2\/media\/14386"}],"wp:attachment":[{"href":"https:\/\/cndl.org.br\/varejosa\/wp-json\/wp\/v2\/media?parent=14385"}],"wp:term":[{"taxonomy":"category","embeddable":true,"href":"https:\/\/cndl.org.br\/varejosa\/wp-json\/wp\/v2\/categories?post=14385"},{"taxonomy":"post_tag","embeddable":true,"href":"https:\/\/cndl.org.br\/varejosa\/wp-json\/wp\/v2\/tags?post=14385"}],"curies":[{"name":"wp","href":"https:\/\/api.w.org\/{rel}","templated":true}]}}