{"id":14460,"date":"2021-12-09T08:00:00","date_gmt":"2021-12-09T11:00:00","guid":{"rendered":"https:\/\/cndl.org.br\/varejosa\/?p=14460"},"modified":"2024-02-04T17:17:30","modified_gmt":"2024-02-04T20:17:30","slug":"cdl-porteirinha-plantando-no-presente-para-colher-no-futuro","status":"publish","type":"post","link":"https:\/\/cndl.org.br\/varejosa\/cdl-porteirinha-plantando-no-presente-para-colher-no-futuro\/","title":{"rendered":"CDL Porteirinha: plantando no presente para colher no futuro"},"content":{"rendered":"\n<p class=\"has-text-align-left\"><em>No CDL em Todo Lugar desta semana, voc\u00ea conhece a CDL Porteirinha (MG),<\/em> <em>entidade comprometida com o desenvolvimento local<\/em><\/p>\n\n\n\n<div class=\"wp-block-image\"><figure class=\"alignleft size-large is-resized\"><img loading=\"lazy\" decoding=\"async\" src=\"https:\/\/cndl.org.br\/varejosa\/wp-content\/uploads\/2021\/12\/WhatsApp-Image-2021-12-08-at-21.28.39-768x1024.jpeg\" alt=\"\" class=\"wp-image-14483\" width=\"297\" height=\"396\"\/><figcaption><em>Foto: Dion Soares<\/em><\/figcaption><\/figure><\/div>\n\n\n\n<p>Porteirinha \u00e9 um munic\u00edpio situado no norte de Minas Gerais que tem como principal atividade a produ\u00e7\u00e3o de latic\u00ednios. Possui a segunda maior bacia leiteira da sua regi\u00e3o e \u00e9 frequentemente premiada em concursos de derivados de leite. A \u00faltima vez que teve seus produtos reconhecidos foi em novembro, na cidade de Arax\u00e1, quando concorreu com cidades de 11 pa\u00edses e venceu o t\u00edtulo de melhor requeij\u00e3o moreno do mundo.<\/p>\n\n\n\n<p>Al\u00e9m da produ\u00e7\u00e3o de latic\u00ednios, Porteirinha tamb\u00e9m \u00e9 reconhecida por outra atividade, a do turismo. \u201cTemos o segundo maior parque de Minas Gerais, o Parque Estadual de Serra Nova\u201d, diz o presidente da C\u00e2mara dos Dirigentes Lojistas (CDL) de cidade, C\u00e1ssio Samuel, que fala com orgulho da atra\u00e7\u00e3o, cuja viabilidade se deveu, em grande parte, gra\u00e7as \u00e0 atua\u00e7\u00e3o da CDL.<\/p>\n\n\n\n<p>\u201cDurante anos, o parque ficou jogado. N\u00f3s da CDL que conseguimos, em parceria com a associa\u00e7\u00e3o S\u00faber, dos amigos do parque, e da Associa\u00e7\u00e3o Comercial, Industrial e Agropecu\u00e1ria de Porteirinha, angariar recurso para fazer o plano de manejo do nosso parque, que era uma das maiores dificuldades do desenvolvimento do turismo ecol\u00f3gico\u201d, diz.<\/p>\n\n\n\n<p>O plano procurou desenvolver o ecoturismo e valorizar o potencial tur\u00edstico existente em todo o Parque, que conta com sete cachoeiras bastante frequentadas, al\u00e9m de grotas, morros e nascentes.<\/p>\n\n\n\n<p>C\u00e1ssio diz que, apesar de o turismo ecol\u00f3gico ser um elemento importante para a economia local, o parque n\u00e3o \u00e9 uma exclusividade de Porteirinha. Ao contr\u00e1rio, \u00e9 atrativo para outros quatro munic\u00edpios: Serran\u00f3polis de Minas, Riacho dos Machados, Mato Verde, Rio Pardo de Minas, que juntas abrangem um total de 97 mil habitantes.<\/p>\n\n\n\n<p>\u201cEntendemos a import\u00e2ncia do parque, mas ele n\u00e3o traz um retorno financeiro significativo para o munic\u00edpio. Nossa fonte de renda principal \u00e9 a cria\u00e7\u00e3o de gado. O ecoturismo entra como um complemento para a economia. Impulsionando o turismo, a regi\u00e3o como um todo \u00e9 beneficiada\u201d, analisa o presidente da CDL Porteirinha.<\/p>\n\n\n\n<div class=\"wp-block-image\"><figure class=\"aligncenter size-large\"><img loading=\"lazy\" decoding=\"async\" width=\"1024\" height=\"653\" src=\"https:\/\/cndl.org.br\/varejosa\/wp-content\/uploads\/2021\/12\/DSC8707-1024x653.jpg\" alt=\"\" class=\"wp-image-14484\" srcset=\"https:\/\/cndl.org.br\/varejosa\/wp-content\/uploads\/2021\/12\/DSC8707-1024x653.jpg 1024w, https:\/\/cndl.org.br\/varejosa\/wp-content\/uploads\/2021\/12\/DSC8707-300x191.jpg 300w, https:\/\/cndl.org.br\/varejosa\/wp-content\/uploads\/2021\/12\/DSC8707-768x489.jpg 768w, https:\/\/cndl.org.br\/varejosa\/wp-content\/uploads\/2021\/12\/DSC8707.jpg 1500w\" sizes=\"auto, (max-width: 1024px) 100vw, 1024px\" \/><figcaption>Trilha pelos c\u00e2nions do Talhado, dentro do parque estadual (Foto: divulga\u00e7\u00e3o\/IEF)<\/figcaption><\/figure><\/div>\n\n\n\n<p><strong>Juntos somos mais fortes<\/strong><br \/>Como dirigente, C\u00e1ssio possui uma rela\u00e7\u00e3o antiga com a CDL local, fundada em 1995. Anos atr\u00e1s, quando ainda era do ramo farmac\u00eautico, chegou a ser diretor da institui\u00e7\u00e3o, mas havia se afastado para trilhar seus pr\u00f3prios caminhos, por\u00e9m isso mudou recentemente.<\/p>\n\n\n\n<p>\u201cH\u00e1 seis anos, em uma oportunidade de viagem oferecida pelo Sebrae, eu entendi a import\u00e2ncia de trabalhar de forma coletiva. Sozinho a gente pode at\u00e9 fazer alguma coisa da porta para dentro, mas para o crescimento da empresa \u00e9 preciso ter um terreno f\u00e9rtil da porta para fora. \u00c9 algo que n\u00e3o se constr\u00f3i sozinho\u201d, diz o presidente.<\/p>\n\n\n\n<p>Ao fim dessa viagem, C\u00e1ssio j\u00e1 havia decidido retornar \u00e0 CDL e, com o incentivo do presidente da institui\u00e7\u00e3o naquele per\u00edodo, lan\u00e7ou seu nome para a presid\u00eancia da institui\u00e7\u00e3o. <\/p>\n\n\n\n<p>J\u00e1 h\u00e1 cinco anos no mandato, C\u00e1ssio enfrentou um momento de tens\u00e3o para todo dirigente lojista: a pandemia da Covid 19. Segundo C\u00e1ssio Samuel, o que foi mortal para o com\u00e9rcio de v\u00e1rias cidades, em Porteirinha n\u00e3o teve uma influ\u00eancia t\u00e3o negativa. \u201cA cidade pequena tem uma facilidade maior de atender os clientes porque todo mundo conhece todo mundo, os clientes t\u00eam o telefone dos donos das empresas. Isso gerou uma certa facilidade\u201d, diz o presidente.<\/p>\n\n\n\n<div class=\"wp-block-image\"><figure class=\"alignright size-large is-resized\"><img loading=\"lazy\" decoding=\"async\" src=\"https:\/\/cndl.org.br\/varejosa\/wp-content\/uploads\/2021\/12\/WhatsApp-Image-2021-12-08-at-11.14.43-1024x689.jpeg\" alt=\"\" class=\"wp-image-14485\" width=\"484\" height=\"325\" srcset=\"https:\/\/cndl.org.br\/varejosa\/wp-content\/uploads\/2021\/12\/WhatsApp-Image-2021-12-08-at-11.14.43-1024x689.jpeg 1024w, https:\/\/cndl.org.br\/varejosa\/wp-content\/uploads\/2021\/12\/WhatsApp-Image-2021-12-08-at-11.14.43-300x202.jpeg 300w, https:\/\/cndl.org.br\/varejosa\/wp-content\/uploads\/2021\/12\/WhatsApp-Image-2021-12-08-at-11.14.43-768x517.jpeg 768w, https:\/\/cndl.org.br\/varejosa\/wp-content\/uploads\/2021\/12\/WhatsApp-Image-2021-12-08-at-11.14.43.jpeg 1280w\" sizes=\"auto, (max-width: 484px) 100vw, 484px\" \/><figcaption>Vista de Porteirinha (Foto: Fabiano Silva)<\/figcaption><\/figure><\/div>\n\n\n\n<p>Prova disso \u00e9 o atual n\u00famero de associados da CDL local: 230, n\u00famero superior se comparado ao per\u00edodo anterior \u00e0 doen\u00e7a. Isso, afirma C\u00e1ssio, se deve \u00e0 aproxima\u00e7\u00e3o da institui\u00e7\u00e3o junto ao Comit\u00ea Gestor da Covid-19 na cidade, que trouxe novos associados querendo ficar mais informados e dar suas opini\u00f5es e sugest\u00f5es quanto ao que deveria ser feito pelo com\u00e9rcio local.<\/p>\n\n\n\n<p>A entidade conta ainda com a CDL Mulher e a CDL Jovem, dois bra\u00e7os da institui\u00e7\u00e3o para identificar e incentivar a cria\u00e7\u00e3o de novas lideran\u00e7a lojistas; e a Sala Mineira do Empreendedor, projeto do Sebrae realizado no munic\u00edpio em parceria com a prefeitura e a CDL. Gra\u00e7as \u00e0 iniciativa, a C\u00e2mara de Dirigentes Lojistas conquistou um espa\u00e7o para atender aos associados e oferecer seus produtos e servi\u00e7os. Cassio almeja estender esta parceria, a fim de garantir, pelos pr\u00f3ximos 30 anos, um local fixo para a CDL.<\/p>\n\n\n\n<p>Segundo o presidente, o momento \u00e9 de mobiliza\u00e7\u00e3o e conscientiza\u00e7\u00e3o. \u201cMais do que capacitar o empres\u00e1rio, queremos facilitar a vida do empreendedor de forma direta, e por isso, \u00e9 necess\u00e1rio se envolver em todos os conselhos do munic\u00edpio, j\u00e1 que tudo \u00e9 desenvolvimento, tudo afeta o com\u00e9rcio\u201d, diz. \u201cHoje, em Porteirinha, em qualquer conselho que voc\u00ea v\u00e1, vai encontrar algu\u00e9m representando a CDL l\u00e1 dentro. Isso \u00e9 importante porque desenvolvimento n\u00e3o se faz do dia para a noite em a\u00e7\u00f5es diretas. \u00c9 preciso tamb\u00e9m atuar de forma indireta, preparando o terreno para colheita a longo prazo\u201d, destaca.<\/p>\n","protected":false},"excerpt":{"rendered":"<p>No CDL em Todo Lugar desta semana, voc\u00ea conhece a CDL Porteirinha (MG), entidade comprometida com o desenvolvimento local.<\/p>\n","protected":false},"author":16,"featured_media":14481,"comment_status":"open","ping_status":"open","sticky":false,"template":"","format":"standard","meta":{"footnotes":""},"categories":[1371],"tags":[4766,4471,4767,3413,3111,2262,4768,4769,258],"class_list":["post-14460","post","type-post","status-publish","format-standard","has-post-thumbnail","hentry","category-noticias-cndl","tag-bacia-leiteira","tag-cdl-em-todo-lugar","tag-cdl-porteirinha","tag-desenvolvimento-local","tag-ecoturismo","tag-minas-gerais","tag-porteirinha","tag-producao-de-laticinios","tag-turismo"],"_links":{"self":[{"href":"https:\/\/cndl.org.br\/varejosa\/wp-json\/wp\/v2\/posts\/14460","targetHints":{"allow":["GET"]}}],"collection":[{"href":"https:\/\/cndl.org.br\/varejosa\/wp-json\/wp\/v2\/posts"}],"about":[{"href":"https:\/\/cndl.org.br\/varejosa\/wp-json\/wp\/v2\/types\/post"}],"author":[{"embeddable":true,"href":"https:\/\/cndl.org.br\/varejosa\/wp-json\/wp\/v2\/users\/16"}],"replies":[{"embeddable":true,"href":"https:\/\/cndl.org.br\/varejosa\/wp-json\/wp\/v2\/comments?post=14460"}],"version-history":[{"count":0,"href":"https:\/\/cndl.org.br\/varejosa\/wp-json\/wp\/v2\/posts\/14460\/revisions"}],"wp:featuredmedia":[{"embeddable":true,"href":"https:\/\/cndl.org.br\/varejosa\/wp-json\/wp\/v2\/media\/14481"}],"wp:attachment":[{"href":"https:\/\/cndl.org.br\/varejosa\/wp-json\/wp\/v2\/media?parent=14460"}],"wp:term":[{"taxonomy":"category","embeddable":true,"href":"https:\/\/cndl.org.br\/varejosa\/wp-json\/wp\/v2\/categories?post=14460"},{"taxonomy":"post_tag","embeddable":true,"href":"https:\/\/cndl.org.br\/varejosa\/wp-json\/wp\/v2\/tags?post=14460"}],"curies":[{"name":"wp","href":"https:\/\/api.w.org\/{rel}","templated":true}]}}