{"id":14521,"date":"2021-12-13T10:32:06","date_gmt":"2021-12-13T13:32:06","guid":{"rendered":"https:\/\/cndl.org.br\/varejosa\/?p=14521"},"modified":"2024-02-04T17:27:10","modified_gmt":"2024-02-04T20:27:10","slug":"a-era-dos-que-nascem-online","status":"publish","type":"post","link":"https:\/\/cndl.org.br\/varejosa\/a-era-dos-que-nascem-online\/","title":{"rendered":"A era dos que nascem online"},"content":{"rendered":"\n<p><em>*Por Leonardo Mencarini<\/em><\/p>\n\n\n\n<p>N\u00e3o \u00e9 segredo para ningu\u00e9m que o mundo, e a sociedade como um todo, est\u00e1 em constante evolu\u00e7\u00e3o. Desde o descobrimento do fogo at\u00e9 o desenvolvimento do primeiro smartphone, gera\u00e7\u00f5es e gera\u00e7\u00f5es est\u00e3o inseridas numa linha do tempo infinita, a qual a ci\u00eancia ainda estuda o seu verdadeiro come\u00e7o.<\/p>\n\n\n\n<p>Recentemente, presenciamos algumas discuss\u00f5es entre a Gera\u00e7\u00e3o Z e os Millenials na internet, mas o que talvez eles n\u00e3o tenham percebido \u00e9 que ambos est\u00e3o ligados. Afinal, caracter\u00edsticas e comportamentos que aos poucos tornam-se \u201ccoisa do passado\u201d t\u00eam muita influ\u00eancia no que hoje \u00e9 algo contempor\u00e2neo.<\/p>\n\n\n\n<p>\u00c9 verdade que as pr\u00f3ximas gera\u00e7\u00f5es contar\u00e3o com um mundo muito mais adaptado e preparado. Mas enquanto o processo est\u00e1 acontecendo, os ajustes para que tudo fique perfeito l\u00e1 na frente come\u00e7am aqui.<\/p>\n\n\n\n<p>No com\u00e9rcio, por exemplo, o conceito de e-commerce, assim que surgiu, tornou-se algo inovador. Agora, j\u00e1 n\u00e3o \u00e9 a \u00fanica aposta do mercado online. Vindo do ingl\u00eas Digitally Native Vertical Brand, o termo DNVB, ou marcas digitais digitalmente nativas, em tradu\u00e7\u00e3o direta, tem chamado aten\u00e7\u00e3o de muitos investidores por ser mais que um canal.<\/p>\n\n\n\n<p>Baseado numa pol\u00edtica de vendas na qual a empresa, nascida no meio digital, controla todo o processo de produ\u00e7\u00e3o de um item, desde a fabrica\u00e7\u00e3o de pe\u00e7as at\u00e9 o atendimento ao cliente final, o conceito busca criar um conex\u00e3o ainda maior com seu p\u00fablico, principalmente nos \u00faltimos meses em que, por conta da pandemia, o contato real ficou ainda mais dif\u00edcil.<\/p>\n\n\n\n<p>A estrat\u00e9gia n\u00e3o s\u00f3 possibilita mais economia como tamb\u00e9m garante uma certa contribui\u00e7\u00e3o do seu consumidor. \u00c9 como se o neg\u00f3cio fosse uma publica\u00e7\u00e3o nas redes sociais na qual o cliente, sentindo-se parte daquilo por identifica\u00e7\u00e3o, interage. E voc\u00ea, como investidor vertical, tem controle de todas as etapas, desde a cria\u00e7\u00e3o da arte e da legenda at\u00e9 a convers\u00e3o em venda. \u00c9 a experi\u00eancia do cliente ganhando for\u00e7a no universo digital em que a empresa pode visualizar n\u00e3o s\u00f3 as duas pontas da linha como ela inteira.<\/p>\n\n\n\n<p><em>*Por Leonardo Mencarini \u00e9 CEO e co-fundador da Veroni, marca de vinho chilena-brasileira. A vin\u00edcola possui certifica\u00e7\u00e3o Fairtrade, organiza\u00e7\u00e3o que busca proporcionar melhores condi\u00e7\u00f5es de trabalho para produtores de pa\u00edses em desenvolvimento.<\/em><\/p>\n","protected":false},"excerpt":{"rendered":"<p>As marcas digitalmente nativas tem chamado aten\u00e7\u00e3o de muitos investidores por ser mais que um canal.<\/p>\n","protected":false},"author":3,"featured_media":14522,"comment_status":"open","ping_status":"open","sticky":false,"template":"","format":"standard","meta":{"footnotes":""},"categories":[2234],"tags":[4862,251,1561,4863,790,2116],"class_list":["post-14521","post","type-post","status-publish","format-standard","has-post-thumbnail","hentry","category-vozes-do-varejo","tag-digitally-native-vertical-brand","tag-e-commerce","tag-geracao-z","tag-investidor-vertical","tag-loja-virtual","tag-millenials"],"_links":{"self":[{"href":"https:\/\/cndl.org.br\/varejosa\/wp-json\/wp\/v2\/posts\/14521","targetHints":{"allow":["GET"]}}],"collection":[{"href":"https:\/\/cndl.org.br\/varejosa\/wp-json\/wp\/v2\/posts"}],"about":[{"href":"https:\/\/cndl.org.br\/varejosa\/wp-json\/wp\/v2\/types\/post"}],"author":[{"embeddable":true,"href":"https:\/\/cndl.org.br\/varejosa\/wp-json\/wp\/v2\/users\/3"}],"replies":[{"embeddable":true,"href":"https:\/\/cndl.org.br\/varejosa\/wp-json\/wp\/v2\/comments?post=14521"}],"version-history":[{"count":0,"href":"https:\/\/cndl.org.br\/varejosa\/wp-json\/wp\/v2\/posts\/14521\/revisions"}],"wp:featuredmedia":[{"embeddable":true,"href":"https:\/\/cndl.org.br\/varejosa\/wp-json\/wp\/v2\/media\/14522"}],"wp:attachment":[{"href":"https:\/\/cndl.org.br\/varejosa\/wp-json\/wp\/v2\/media?parent=14521"}],"wp:term":[{"taxonomy":"category","embeddable":true,"href":"https:\/\/cndl.org.br\/varejosa\/wp-json\/wp\/v2\/categories?post=14521"},{"taxonomy":"post_tag","embeddable":true,"href":"https:\/\/cndl.org.br\/varejosa\/wp-json\/wp\/v2\/tags?post=14521"}],"curies":[{"name":"wp","href":"https:\/\/api.w.org\/{rel}","templated":true}]}}