{"id":14524,"date":"2021-12-14T10:13:35","date_gmt":"2021-12-14T13:13:35","guid":{"rendered":"https:\/\/cndl.org.br\/varejosasa\/?p=14524"},"modified":"2024-02-04T13:25:39","modified_gmt":"2024-02-04T16:25:39","slug":"confira-as-datas-importantes-do-calendario-para-os-pequenos-negocios","status":"publish","type":"post","link":"https:\/\/cndl.org.br\/varejosa\/confira-as-datas-importantes-do-calendario-para-os-pequenos-negocios\/","title":{"rendered":"Confira as datas importantes do calend\u00e1rio para os pequenos neg\u00f3cios"},"content":{"rendered":"\n<p>Com a intensa movimenta\u00e7\u00e3o do final do ano, os empreendedores devem ficar atentos para n\u00e3o perder prazos importantes na gest\u00e3o de neg\u00f3cio. Em especial, os microempreendedores individuais (MEI) e os optantes do Simples Nacional ainda precisam colocar na agenda algumas obriga\u00e7\u00f5es para 2021. At\u00e9 31 de dezembro, esses empres\u00e1rios precisam entregar declara\u00e7\u00f5es importantes, como a da Declara\u00e7\u00e3o de Informa\u00e7\u00f5es Socioecon\u00f4micas e Fiscais (DEFIS) e a Declara\u00e7\u00e3o Anual do Simples Nacional do Microempreendedor Individual (DASN-SIMEI).<\/p>\n\n\n\n<p>Passado o per\u00edodo de festas, 2022 j\u00e1 come\u00e7a com um compromisso importante, principalmente para os adeptos do Simples Nacional que est\u00e3o com pend\u00eancias com a Receita Federal e Procuradoria-Geral da Fazenda Nacional (PGFN). Tamb\u00e9m durante o m\u00eas de janeiro, \u00e9 aberta a oportunidade para quem quiser aderir ao sistema de tributa\u00e7\u00e3o pela primeira vez. Confira a seguir as principais datas para os empreendedores marcarem no calend\u00e1rio.<\/p>\n\n\n\n<p>Prazos Simples Nacional e MEI:<\/p>\n\n\n\n<ul class=\"wp-block-list\"><li><strong>At\u00e9 31 de dezembro de 2021<\/strong>: prazo final para a entrega da Declara\u00e7\u00e3o Anual do Simples Nacional do Microempreendedor Individual (DASN-SIMEI), relativamente \u00e0 empresa que tenha sido extinta em Novembro de 2021.<\/li><\/ul>\n\n\n\n<ul class=\"wp-block-list\"><li><strong>At\u00e9 31 de janeiro de 2022:<\/strong> os pequenos neg\u00f3cios que foram exclu\u00eddos do Simples Nacional t\u00eam at\u00e9 31 de janeiro para regularizar as pend\u00eancias e fazerem uma nova ades\u00e3o ao regime, desde que n\u00e3o haja d\u00e9bito com a Receita Federal ou a Procuradoria-Geral da Fazenda Nacional. Esse tamb\u00e9m \u00e9 o \u00faltimo dia para os empreendedores que est\u00e3o em outros regimes de tributa\u00e7\u00e3o e quiserem aderir ao Simples Nacional, pela primeira vez, solicitarem a ades\u00e3o. Caso contr\u00e1rio, o ingresso acontecer\u00e1 somente no pr\u00f3ximo ano.<\/li><\/ul>\n\n\n\n<ul class=\"wp-block-list\"><li><strong>At\u00e9 31 de mar\u00e7o de 2022: <\/strong>a Declara\u00e7\u00e3o de Informa\u00e7\u00f5es Socioecon\u00f4micas e Fiscais (DEFIS), em regra, deve ser entregue at\u00e9 31 de mar\u00e7o do ano-calend\u00e1rio subsequente ao da ocorr\u00eancia dos fatos geradores dos tributos previstos no Simples Nacional. Em 2021, esse prazo foi prorrogado para 31 de maio de 2021.<\/li><\/ul>\n\n\n\n<ul class=\"wp-block-list\"><li><strong>At\u00e9 31 de maio de 2022:<\/strong> o MEI deve apresentar, at\u00e9 31 de maio de cada ano, a Declara\u00e7\u00e3o Anual do Simples Nacional do Microempreendedor Individual (DASN-SIMEI), relativa ao ano anterior.<\/li><\/ul>\n\n\n\n<p><strong>Boleto mensal<\/strong><br>O prazo para vencimento do boleto mensal, tanto para os empreendedores vinculados ao Simples Nacional quanto para os Microempreendedores Individuais (MEI), vence todo dia 20 de cada m\u00eas. Se cair em feriados ou finais de semana, o vencimento ocorrer\u00e1 no primeiro dia \u00fatil subsequente.<\/p>\n\n\n\n<p><strong>In\u00edcio de atividade<\/strong><br>Para empresas em in\u00edcio de atividade, o prazo para a solicita\u00e7\u00e3o \u00e9 de 30 dias contados do \u00faltimo deferimento de inscri\u00e7\u00e3o (municipal ou estadual, caso exig\u00edvel). Todo o processo de ades\u00e3o \u00e9 feito exclusivamente pela internet, por meio do Portal do Simples Nacional.<\/p>\n\n\n\n<p><strong>Benef\u00edcios do Simples<\/strong><br>Ao optar pelo Simples Nacional, o empres\u00e1rio tem a oportunidade de pagar oito tributos, entre municipais, estaduais e federais, de uma \u00fanica vez, reduzindo os custos tribut\u00e1rios. Tamb\u00e9m fica livre de obriga\u00e7\u00f5es acess\u00f3rias com vencimentos distintos, reduzindo a burocracia para administrar o neg\u00f3cio.<\/p>\n","protected":false},"excerpt":{"rendered":"<p>MEI, micro e pequenas empresas devem estar atentos aos prazos para a entrega de declara\u00e7\u00f5es e outros compromissos junto ao governo<\/p>\n","protected":false},"author":11,"featured_media":14525,"comment_status":"open","ping_status":"open","sticky":false,"template":"","format":"standard","meta":{"footnotes":""},"categories":[26],"tags":[745,746,288,623,524,349,285],"class_list":["post-14524","post","type-post","status-publish","format-standard","has-post-thumbnail","hentry","category-negocios-e-economia","tag-dasn-simei","tag-defis","tag-mei","tag-microempreendedor-individual","tag-microempresas","tag-pequenas-empresas","tag-simples-nacional"],"_links":{"self":[{"href":"https:\/\/cndl.org.br\/varejosa\/wp-json\/wp\/v2\/posts\/14524","targetHints":{"allow":["GET"]}}],"collection":[{"href":"https:\/\/cndl.org.br\/varejosa\/wp-json\/wp\/v2\/posts"}],"about":[{"href":"https:\/\/cndl.org.br\/varejosa\/wp-json\/wp\/v2\/types\/post"}],"author":[{"embeddable":true,"href":"https:\/\/cndl.org.br\/varejosa\/wp-json\/wp\/v2\/users\/11"}],"replies":[{"embeddable":true,"href":"https:\/\/cndl.org.br\/varejosa\/wp-json\/wp\/v2\/comments?post=14524"}],"version-history":[{"count":0,"href":"https:\/\/cndl.org.br\/varejosa\/wp-json\/wp\/v2\/posts\/14524\/revisions"}],"wp:featuredmedia":[{"embeddable":true,"href":"https:\/\/cndl.org.br\/varejosa\/wp-json\/wp\/v2\/media\/14525"}],"wp:attachment":[{"href":"https:\/\/cndl.org.br\/varejosa\/wp-json\/wp\/v2\/media?parent=14524"}],"wp:term":[{"taxonomy":"category","embeddable":true,"href":"https:\/\/cndl.org.br\/varejosa\/wp-json\/wp\/v2\/categories?post=14524"},{"taxonomy":"post_tag","embeddable":true,"href":"https:\/\/cndl.org.br\/varejosa\/wp-json\/wp\/v2\/tags?post=14524"}],"curies":[{"name":"wp","href":"https:\/\/api.w.org\/{rel}","templated":true}]}}