{"id":14627,"date":"2022-01-12T09:00:00","date_gmt":"2022-01-12T12:00:00","guid":{"rendered":"https:\/\/cndl.org.br\/varejosa\/?p=14627"},"modified":"2024-02-04T15:51:11","modified_gmt":"2024-02-04T18:51:11","slug":"bem-estar-e-autocuidado-seguem-pautando-o-mercado","status":"publish","type":"post","link":"https:\/\/cndl.org.br\/varejosa\/bem-estar-e-autocuidado-seguem-pautando-o-mercado\/","title":{"rendered":"Bem-estar e autocuidado seguem pautando o mercado"},"content":{"rendered":"\n<p>As pessoas t\u00eam passado mais tempo dentro de casa, nos \u00faltimos dois anos, sobretudo nos primeiros meses do ano, quando h\u00e1 o aumento gradual de casos positivos para a covid-19, com pico no per\u00edodo do inverno. Nesta fase, o distanciamento social e os cuidados com a sa\u00fade s\u00e3o refor\u00e7ados. Por outro lado, os consumidores readaptam suas prioridades, intensificando o autocuidado di\u00e1rio; e redesenham os h\u00e1bitos de consumo, investindo mais em seu bem-estar e conforto.<\/p>\n\n\n\n<div class=\"wp-block-image\"><figure class=\"alignleft size-large is-resized\"><img loading=\"lazy\" decoding=\"async\" src=\"https:\/\/cndl.org.br\/varejosa\/wp-content\/uploads\/2022\/01\/Sem-t\u00edtulo-683x1024.jpg\" alt=\"\" class=\"wp-image-14629\" width=\"259\" height=\"389\"\/><figcaption><em>92% das consumidoras continuam com os cuidados da sua rotina de beleza<\/em><\/figcaption><\/figure><\/div>\n\n\n\n<p>Segundo o Google, o bem-estar nunca esteve t\u00e3o em voga, e a moda e a beleza t\u00eam sido os meios escolhidos pelos brasileiros para cuidar de si mesmos. De acordo com levantamentos da empresa de tecnologia, durante a pandemia, 18% das compradoras de moda e beleza t\u00eam investido em roupas, acess\u00f3rios e cal\u00e7ados para ficar em casa e relaxar. As buscas por conforto cresceram 5 vezes mais que as buscas por tend\u00eancias. Al\u00e9m disso, muitos brasileiros foram ao Youtube para ver mais conte\u00fado sobre autoestima e autocuidado. As visualiza\u00e7\u00f5es em playlists de v\u00eddeos sobre autoestima cresceram 212% ano a ano, entre 2019 e 2021.<\/p>\n\n\n\n<p><strong>Leveza e autoestima<\/strong><br>Neste contexto, o autocuidado tamb\u00e9m significa cuidar da apar\u00eancia: 92% das consumidoras continuam com os cuidados da sua rotina de beleza, sendo que 36% t\u00eam em suas rotinas matinais e noturnas o momento de maior investimento com beleza. As buscas tamb\u00e9m apontam que as pessoas pesquisam mais sobre cuidados com a pele do que sobre maquiagem.<\/p>\n\n\n\n<p>O Google identificou ainda que para 76% dos consumidores de moda e beleza dos \u00faltimos 6 meses h\u00e1 uma forte influ\u00eancia da est\u00e9tica sobre a autoestima. Outro estudo comportamental sobre autocuidado e interesse por est\u00e9tica, realizado no Brasil pela Zygon \u2013 adtech especializada em marketing digital \u2013, refor\u00e7a a informa\u00e7\u00e3o: 41% das pessoas demonstram que a pr\u00e1tica de se cuidar traz um sentimento maior de leveza. O levantamento se baseou em mais de 105 mil men\u00e7\u00f5es postadas em redes sociais ao longo de 2020.<\/p>\n\n\n\n<p>\u201cA pesquisa nos mostra que as pessoas encontraram nos momentos para cuidarem de si uma boa forma de tornar a situa\u00e7\u00e3o mais leve. Lavar, hidratar, umectar, fitar e secar o cabelo tornou-se parte de um ritual para se deixar mais bonito por fora, mas, principalmente, ficar mais tranquilo por dentro\u201d, explica Lucas Reis, CEO da Zygon e doutor em big data aplicada \u00e0 an\u00e1lise de dados de redes sociais. Os dados apurados indicam que 90,67% das pessoas se preocuparam mais em cuidar do cabelo.<\/p>\n\n\n\n<div class=\"wp-block-image\"><figure class=\"alignright size-large is-resized\"><img loading=\"lazy\" decoding=\"async\" src=\"https:\/\/cndl.org.br\/varejosa\/wp-content\/uploads\/2022\/01\/shutterstock_341984132-1024x684.jpg\" alt=\"\" class=\"wp-image-14630\" width=\"413\" height=\"275\"\/><figcaption><em>Cresceram as buscas por travesseiros (13%), roupa de cama (13%), cobertas e mantas (13%) e toalhas de banho (12%)<\/em><\/figcaption><\/figure><\/div>\n\n\n\n<p>Ainda segundo estudo da adtech, em 2020, houve ainda um crescimento de 122% no interesse pelo tema est\u00e9tica e autocuidado, com um grande pico no m\u00eas de agosto, que chegou a 287% \u2013 \u00e9poca em que foi decretada uma flexibiliza\u00e7\u00e3o das medidas mais restritivas da quarentena em muitas regi\u00f5es do Brasil.<\/p>\n\n\n\n<p><strong>Conforto em casa<\/strong><br>De acordo com as pesquisas do Google, a valoriza\u00e7\u00e3o do descanso \u00e9 tend\u00eancia, e o pijama s\u00edmbolo deste novo comportamento. Entre 2019 e 2021, as buscas por \u201cpijama de casal combinando\u201d cresceram mais de 1000% ano a ano.<\/p>\n\n\n\n<p>Os dados mostram ainda que se sentir bem \u00e9 mais que o tema do momento: 30% dizem que pretendem manter o h\u00e1bito de usar roupas mais confort\u00e1veis.<\/p>\n\n\n\n<p>Isso significa que as pessoas est\u00e3o optando por produtos que as ajudem a abra\u00e7ar uma rotina mais leve, inclusive em rela\u00e7\u00e3o \u00e0 casa, mob\u00edlia e equipamentos dom\u00e9sticos. Tamb\u00e9m cresceram as buscas por: velas e incensos (25%); travesseiros (13%); roupa de cama (13%); cobertas e mantas (13%); e toalhas de banho (12%).<\/p>\n","protected":false},"excerpt":{"rendered":"<p>A ind\u00fastria de moda e beleza est\u00e1 cada vez mais ligada \u00e0 ideia de bem-estar e autocuidado.<\/p>\n","protected":false},"author":4,"featured_media":14628,"comment_status":"open","ping_status":"open","sticky":false,"template":"","format":"standard","meta":{"footnotes":""},"categories":[1836],"tags":[3120,675,1635,3359,292,3022,743,323,3360],"class_list":["post-14627","post","type-post","status-publish","format-standard","has-post-thumbnail","hentry","category-marketing-e-vendas","tag-autocuidado","tag-beleza","tag-bem-estar","tag-conforto","tag-consumo","tag-habitos-de-consumo","tag-moda","tag-pandemia","tag-skincare"],"_links":{"self":[{"href":"https:\/\/cndl.org.br\/varejosa\/wp-json\/wp\/v2\/posts\/14627","targetHints":{"allow":["GET"]}}],"collection":[{"href":"https:\/\/cndl.org.br\/varejosa\/wp-json\/wp\/v2\/posts"}],"about":[{"href":"https:\/\/cndl.org.br\/varejosa\/wp-json\/wp\/v2\/types\/post"}],"author":[{"embeddable":true,"href":"https:\/\/cndl.org.br\/varejosa\/wp-json\/wp\/v2\/users\/4"}],"replies":[{"embeddable":true,"href":"https:\/\/cndl.org.br\/varejosa\/wp-json\/wp\/v2\/comments?post=14627"}],"version-history":[{"count":0,"href":"https:\/\/cndl.org.br\/varejosa\/wp-json\/wp\/v2\/posts\/14627\/revisions"}],"wp:featuredmedia":[{"embeddable":true,"href":"https:\/\/cndl.org.br\/varejosa\/wp-json\/wp\/v2\/media\/14628"}],"wp:attachment":[{"href":"https:\/\/cndl.org.br\/varejosa\/wp-json\/wp\/v2\/media?parent=14627"}],"wp:term":[{"taxonomy":"category","embeddable":true,"href":"https:\/\/cndl.org.br\/varejosa\/wp-json\/wp\/v2\/categories?post=14627"},{"taxonomy":"post_tag","embeddable":true,"href":"https:\/\/cndl.org.br\/varejosa\/wp-json\/wp\/v2\/tags?post=14627"}],"curies":[{"name":"wp","href":"https:\/\/api.w.org\/{rel}","templated":true}]}}