{"id":14653,"date":"2022-01-14T10:07:22","date_gmt":"2022-01-14T13:07:22","guid":{"rendered":"https:\/\/cndl.org.br\/varejosasa\/?p=14653"},"modified":"2024-02-04T13:25:38","modified_gmt":"2024-02-04T16:25:38","slug":"consumo-nos-lares-brasileiros-cresceu-197-em-novembro","status":"publish","type":"post","link":"https:\/\/cndl.org.br\/varejosa\/consumo-nos-lares-brasileiros-cresceu-197-em-novembro\/","title":{"rendered":"Consumo nos Lares Brasileiros cresceu 1,97% em novembro"},"content":{"rendered":"\n<p><em>*Da ABRAS<\/em><\/p>\n\n\n\n<p>A Associa\u00e7\u00e3o Brasileira de Supermercados (ABRAS) anunciou nesta quinta-feira (13) o Consumo nos Lares Brasileiro de novembro de 2021, que manteve sua trajet\u00f3ria de crescimento com alta de 1,97% na compara\u00e7\u00e3o com o m\u00eas de outubro. O resultado \u00e9 ainda mais acentuado quando comparado com o m\u00eas de novembro de 2020, com uma alta identificada de 4,43%.<\/p>\n\n\n\n<p>Os dados da associa\u00e7\u00e3o apontam ainda que de janeiro a novembro de 2021 o consumo se manteve positivo, acumulando 2,88%.<br>\u201cAs a\u00e7\u00f5es promocionais dos supermercados em novembro, a diversidade de marcas como alternativas para os consumidores de menor poder aquisitivo conjugadas com o pagamento do 13\u00ba terceiro aos trabalhadores assalariados contribu\u00edram para o aumento do consumo nos lares\u201d, explica o vice-presidente Institucional da ABRAS, Marcio Milan.<\/p>\n\n\n\n<p>Segundo a ABRAS, a leve retra\u00e7\u00e3o no valor da cesta nacional em novembro tamb\u00e9m pode ter contribu\u00eddo para o aumento do consumo. Em novembro, a cesta Abrasmercado, composta por 35 produtos de largo consumo nos supermercados, elaborada pela GFK em parceria com a ABRAS, apresentou recuo discreto, de -0,32%, em novembro em compara\u00e7\u00e3o a outubro, fechando o m\u00eas de novembro em R$ 697,80. Na compara\u00e7\u00e3o com novembro de 2020, o indicador cresceu 13,1%.<\/p>\n\n\n\n<p>Os itens com as maiores altas em novembro na compara\u00e7\u00e3o com outubro foram cebola (25,2%), extrato de tomate (22,3%), caf\u00e9 torrado e mo\u00eddo (10,0%), biscoito de maisena (6,5%) e sab\u00e3o em p\u00f3 (5,8%).<\/p>\n\n\n\n<p>Entre as maiores quedas em novembro ante outubro ficaram carne dianteiro (-4,6%), queijo mu\u00e7arela (-3,1%), leite longa vida (-2,7%), batata (-2,6%), queijo prato (-2,1%).<\/p>\n\n\n\n<p><strong>Principais cidades<\/strong><br>Dentre as principais cidades que apresentaram maior queda no pre\u00e7o dos produtos da cesta Abrasmercado em novembro, na compara\u00e7\u00e3o com outubro, est\u00e3o Bras\u00edlia (-3,0%), Grande Porto Alegre (- 0,95%), Interior do Rio Grande do Sul (-0,75%), Grande Rio de Janeiro (-0,70), Grande Belo Horizonte (- 0,38).<\/p>\n\n\n\n<p>As maiores altas ficaram com as cidades de Natal (2,96%), Curitiba (2,61%), Fortaleza (1,79%), Goi\u00e2nia e Jo\u00e3o Pessoa (1,39%).<\/p>\n","protected":false},"excerpt":{"rendered":"<p>Dados da ABRAS apontam que de janeiro a novembro de 2021 o consumo se manteve positivo, acumulando 2,88%.<\/p>\n","protected":false},"author":7,"featured_media":13197,"comment_status":"open","ping_status":"open","sticky":false,"template":"","format":"standard","meta":{"footnotes":""},"categories":[26],"tags":[294,511,513,514,766,767,400],"class_list":["post-14653","post","type-post","status-publish","format-standard","has-post-thumbnail","hentry","category-negocios-e-economia","tag-abras","tag-alimentacao","tag-cesta-basica","tag-consumo-das-familias","tag-consumo-dos-lares","tag-mercados","tag-supermercado"],"_links":{"self":[{"href":"https:\/\/cndl.org.br\/varejosa\/wp-json\/wp\/v2\/posts\/14653","targetHints":{"allow":["GET"]}}],"collection":[{"href":"https:\/\/cndl.org.br\/varejosa\/wp-json\/wp\/v2\/posts"}],"about":[{"href":"https:\/\/cndl.org.br\/varejosa\/wp-json\/wp\/v2\/types\/post"}],"author":[{"embeddable":true,"href":"https:\/\/cndl.org.br\/varejosa\/wp-json\/wp\/v2\/users\/7"}],"replies":[{"embeddable":true,"href":"https:\/\/cndl.org.br\/varejosa\/wp-json\/wp\/v2\/comments?post=14653"}],"version-history":[{"count":0,"href":"https:\/\/cndl.org.br\/varejosa\/wp-json\/wp\/v2\/posts\/14653\/revisions"}],"wp:featuredmedia":[{"embeddable":true,"href":"https:\/\/cndl.org.br\/varejosa\/wp-json\/wp\/v2\/media\/13197"}],"wp:attachment":[{"href":"https:\/\/cndl.org.br\/varejosa\/wp-json\/wp\/v2\/media?parent=14653"}],"wp:term":[{"taxonomy":"category","embeddable":true,"href":"https:\/\/cndl.org.br\/varejosa\/wp-json\/wp\/v2\/categories?post=14653"},{"taxonomy":"post_tag","embeddable":true,"href":"https:\/\/cndl.org.br\/varejosa\/wp-json\/wp\/v2\/tags?post=14653"}],"curies":[{"name":"wp","href":"https:\/\/api.w.org\/{rel}","templated":true}]}}