{"id":14659,"date":"2022-01-17T09:56:54","date_gmt":"2022-01-17T12:56:54","guid":{"rendered":"https:\/\/cndl.org.br\/varejosa\/?p=14659"},"modified":"2024-02-04T17:06:24","modified_gmt":"2024-02-04T20:06:24","slug":"entidades-do-setor-produtivo-da-capital-se-unem-para-ajudar-vitimas-das-chuvas-em-mg","status":"publish","type":"post","link":"https:\/\/cndl.org.br\/varejosa\/entidades-do-setor-produtivo-da-capital-se-unem-para-ajudar-vitimas-das-chuvas-em-mg\/","title":{"rendered":"Entidades do setor produtivo da capital se unem para ajudar v\u00edtimas das chuvas em MG"},"content":{"rendered":"\n<p><em>*Da CDL Belo Horizonte<\/em><\/p>\n\n\n\n<p>Quinze entidades do setor produtivo da capital mineira se reuniram nesta quinta-feira, 13, com o Servas, Secretaria de Desenvolvimento Social e Defesa Civil Estadual, para prestarem apoio \u00e0 campanha S.O.S Chuvas MG, realizada em parceria com o Governo Estadual, para socorrer as v\u00edtimas das fortes chuvas no estado.<\/p>\n\n\n\n<p>As entidades v\u00e3o somar for\u00e7as para ajudar na arrecada\u00e7\u00e3o de donativos que ser\u00e3o direcionados \u00e0s cidades e \u00e0s pessoas afetadas em todo o estado. Al\u00e9m de ajudarem efetivamente nas doa\u00e7\u00f5es, as entidades tamb\u00e9m v\u00e3o apoiar a divulga\u00e7\u00e3o da campanha, mobilizar seus p\u00fablicos para participa\u00e7\u00e3o e tamb\u00e9m auxiliar na armazenagem e transporte dos donativos, al\u00e9m de oferecer postos para coleta.<\/p>\n\n\n\n<p>\u201cN\u00e3o poder\u00edamos deixar de estender as m\u00e3os e ajudar aos que tantos precisam neste momento. \u00c9 a hora de nos unirmos e prestar solidariedade aos mais de 24 mil desalojados e quase quatro mil desabrigados em todo o estado. Infelizmente, apesar da tr\u00e9gua, ainda h\u00e1 previs\u00e3o de mais chuva para Minas Gerais e 374 cidades est\u00e3o em estado de emerg\u00eancia. Por isso, devemos concentrar nossos esfor\u00e7os e pensamentos positivos para que tudo possa ser resolvido da melhor forma poss\u00edvel\u201d, destaca o presidente da CDL\/BH, Marcelo de Souza e Silva.<\/p>\n\n\n\n<p>\u201cEsta \u00e9 uma mobiliza\u00e7\u00e3o concreta de diversas entidades que est\u00e3o empenhadas em ajudar a diminuir os impactos causados pelas chuvas. Percebemos um sentimento de solidariedade e fraternidade que envolve a mobiliza\u00e7\u00e3o dos recursos. Isso mostra que a sociedade \u00e9 solid\u00e1ria, pois, o Estado e as prefeituras sozinhos n\u00e3o d\u00e3o conta de resolver problemas dessa magnitude. Ter o apoio da sociedade organizada \u00e9 fundamental para atravessarmos esse momento\u201d, pontuou o vice-governador, Paulo Brant.<\/p>\n\n\n\n<p>Atualmente, os itens de maior necessidade s\u00e3o: \u00e1gua mineral, alimentos n\u00e3o perec\u00edveis, materiais de limpeza, produtos de higiene pessoal, roupas de cama, mesa e banho.<\/p>\n\n\n\n<p>As doa\u00e7\u00f5es podem ser realizadas em todos os batalh\u00f5es, quart\u00e9is e bases comunit\u00e1rias da Pol\u00edcia Militar e do Corpo de Bombeiros Militar e nas Delegacias da Pol\u00edcia Civil de Minas Gerais. Em caso de doa\u00e7\u00f5es em maior volume ou em caso de d\u00favidas, entre em contato pelo telefone 3349-2400 ou pelo e-mail <a href=\"mailto:servas@servas.org.br\" target=\"_blank\" rel=\"noreferrer noopener\">servas@servas.org.br<\/a>.<\/p>\n\n\n\n<p>Para aquisi\u00e7\u00f5es diretas observar as seguintes orienta\u00e7\u00f5es:<\/p>\n\n\n\n<p><strong>Doa\u00e7\u00e3o Pessoa Jur\u00eddica<\/strong><br>CFOP 5910 &#8211; Remessa em bonifica\u00e7\u00e3o, doa\u00e7\u00e3o ou brinde.<br>SERVI\u00c7O SOCIAL AUT\u00d4NOMO SSA &#8211; SERVAS<br>CNPJ: 17.385.840\/0001-12<br>Inscri\u00e7\u00e3o Estadual: Isento<br>Inscri\u00e7\u00e3o Municipal: 0.405.587\/001-8<br>Endere\u00e7o de entrega: Avenida Amazonas, 6455 \u2013 Gameleira<\/p>\n\n\n\n<p><strong>Para doa\u00e7\u00f5es em dinheiro<\/strong><br>Servi\u00e7o Social Aut\u00f4nomo Servas &#8211; SSA SERVAS<br>Chave PIX: telefone celular &#8211; 31 99163-0836<br>Conta Vinculada: Caixa<br>Ag:1667<br>Cc: 3529-1<\/p>\n\n\n\n<p>Participam da a\u00e7\u00e3o as seguintes entidades:<\/p>\n\n\n\n<p>ABIH \u2013 Associa\u00e7\u00e3o Brasileira da Ind\u00fastria de Hot\u00e9is \u2013 Minas Gerais<br>Abrasel \u2013 Associa\u00e7\u00e3o Brasileira de Bares e Restaurantes<br>ACMinas \u2013 Associa\u00e7\u00e3o Comercial e Empresarial de Minas Gerais<br>Amip\u00e3o \u2013 Sindicato e Associa\u00e7\u00e3o Mineira da Ind\u00fastria de Panifica\u00e7\u00e3o<br>Amis \u2013 Associa\u00e7\u00e3o Mineira de Supermercados<br>CDL\/BH \u2013 C\u00e2mara de Dirigentes Lojistas de Belo Horizonte<br>CMI \/Secovi &#8211; C\u00e2mara do Mercado Imobili\u00e1rio de Minas Gerais<br>FAEMG &#8211; Federa\u00e7\u00e3o da Agricultura e Pecu\u00e1ria do Estado de Minas Gerais<br>Fecom\u00e9rcio &#8211; Federa\u00e7\u00e3o do Com\u00e9rcio de Bens, Servi\u00e7os e Turismo do Estado de Minas Gerais<br>Federaminas &#8211; Federa\u00e7\u00e3o das Associa\u00e7\u00f5es Comerciais e Empresariais de Minas Gerais<br>FCDL\/MG &#8211; Federa\u00e7\u00e3o das C\u00e2maras de Dirigentes Lojistas de Minas Gerais<br>FETCEMG &#8211; Federa\u00e7\u00e3o das Empresas de Transportes de Carga do Estado de Minas Gerais<br>Minaspetro &#8211; Sindicato do Com\u00e9rcio Varejista de Derivados do Petr\u00f3leo do Estado de Minas Gerais<br>OCEMG &#8211; Sindicato e Organiza\u00e7\u00e3o das Cooperativas do Estado de Minas Gerais<br>Sebrae Minas &#8211; Servi\u00e7o Brasileiro de Apoio \u00e0s Micro e Pequenas Empresas de Minas Gerais<\/p>\n","protected":false},"excerpt":{"rendered":"<p>Quinze entidades, entre elas a CDL BH, v\u00e3o somar for\u00e7as para ajudar na arrecada\u00e7\u00e3o de donativos que ser\u00e3o direcionados \u00e0s cidades e \u00e0s pessoas afetadas pelas chuvas.<\/p>\n","protected":false},"author":18,"featured_media":14660,"comment_status":"open","ping_status":"open","sticky":false,"template":"","format":"standard","meta":{"footnotes":""},"categories":[1371],"tags":[2603,4468,4469,4466,2262,4470],"class_list":["post-14659","post","type-post","status-publish","format-standard","has-post-thumbnail","hentry","category-noticias-cndl","tag-cdl-belo-horizonte","tag-doacao","tag-donativos","tag-enchentes","tag-minas-gerais","tag-s-o-s-chuvas-mg"],"_links":{"self":[{"href":"https:\/\/cndl.org.br\/varejosa\/wp-json\/wp\/v2\/posts\/14659","targetHints":{"allow":["GET"]}}],"collection":[{"href":"https:\/\/cndl.org.br\/varejosa\/wp-json\/wp\/v2\/posts"}],"about":[{"href":"https:\/\/cndl.org.br\/varejosa\/wp-json\/wp\/v2\/types\/post"}],"author":[{"embeddable":true,"href":"https:\/\/cndl.org.br\/varejosa\/wp-json\/wp\/v2\/users\/18"}],"replies":[{"embeddable":true,"href":"https:\/\/cndl.org.br\/varejosa\/wp-json\/wp\/v2\/comments?post=14659"}],"version-history":[{"count":0,"href":"https:\/\/cndl.org.br\/varejosa\/wp-json\/wp\/v2\/posts\/14659\/revisions"}],"wp:featuredmedia":[{"embeddable":true,"href":"https:\/\/cndl.org.br\/varejosa\/wp-json\/wp\/v2\/media\/14660"}],"wp:attachment":[{"href":"https:\/\/cndl.org.br\/varejosa\/wp-json\/wp\/v2\/media?parent=14659"}],"wp:term":[{"taxonomy":"category","embeddable":true,"href":"https:\/\/cndl.org.br\/varejosa\/wp-json\/wp\/v2\/categories?post=14659"},{"taxonomy":"post_tag","embeddable":true,"href":"https:\/\/cndl.org.br\/varejosa\/wp-json\/wp\/v2\/tags?post=14659"}],"curies":[{"name":"wp","href":"https:\/\/api.w.org\/{rel}","templated":true}]}}