{"id":14721,"date":"2022-01-21T09:23:53","date_gmt":"2022-01-21T12:23:53","guid":{"rendered":"https:\/\/cndl.org.br\/varejosa\/?p=14721"},"modified":"2026-01-29T10:37:08","modified_gmt":"2026-01-29T13:37:08","slug":"projeto-impede-cancelamento-de-inscricao-de-mei-devido-a-pandemia","status":"publish","type":"post","link":"https:\/\/cndl.org.br\/varejosa\/projeto-impede-cancelamento-de-inscricao-de-mei-devido-a-pandemia\/","title":{"rendered":"Projeto impede cancelamento de inscri\u00e7\u00e3o de MEI devido \u00e0 pandemia"},"content":{"rendered":"\n<p>O Projeto de Lei Complementar (PLP) 129\/21 impede o cancelamento da inscri\u00e7\u00e3o dos microempreendedores individuais (MEI) nos anos-calend\u00e1rios de 2020 a 2022 por falta de pagamento ou declara\u00e7\u00e3o \u00e0 Receita Federal, al\u00e9m de tornar sem efeito os j\u00e1 efetivadas. O texto tramita na C\u00e2mara dos Deputados.<\/p>\n\n\n\n<p>A proposta \u00e9 dos deputados Helder Salom\u00e3o (PT-ES) e Paulo Pimenta (PT-RS) e altera o Estatuto da Micro e Pequena Empresa, que hoje prev\u00ea o cancelamento da inscri\u00e7\u00e3o como MEI ap\u00f3s 12 meses consecutivos sem recolhimento ou declara\u00e7\u00f5es.<\/p>\n\n\n\n<p>Os autores do projeto defendem que essa regra deve ser flexibilizada devido ao impacto da crise econ\u00f4mica decorrente da pandemia sobre os pequenos empreendedores.<\/p>\n\n\n\n<p>\u201cConsideramos tal fato extremamente grave, sobretudo levando-se em conta os efeitos da pandemia, que atingiram sobretudo a popula\u00e7\u00e3o de menor poder aquisitivo, como \u00e9 o caso dos MEIs, e que certamente ter\u00e3o impactos negativos nos anos seguintes\u201d, afirmam os deputados na justificativa que acompanha o projeto.<\/p>\n\n\n\n<p><strong>Tramita\u00e7\u00e3o<\/strong><br>O projeto ser\u00e1 analisado pelas comiss\u00f5es de Desenvolvimento Econ\u00f4mico, Ind\u00fastria, Com\u00e9rcio e Servi\u00e7os; e de Constitui\u00e7\u00e3o e Justi\u00e7a e de Cidadania (CCJ). Em seguida ir\u00e1 para o Plen\u00e1rio da C\u00e2mara.<\/p>\n\n\n\n<p><em>Fonte: Ag\u00eancia C\u00e2mara de Not\u00edcias<\/em><\/p>\n","protected":false},"excerpt":{"rendered":"<p>Atualmente, depois de 12 meses seguidos sem recolher impostos, o microempres\u00e1rio pode ter a inscri\u00e7\u00e3o cancelada.<\/p>\n","protected":false},"author":13,"featured_media":14722,"comment_status":"open","ping_status":"open","sticky":false,"template":"","format":"standard","meta":{"footnotes":""},"categories":[5891],"tags":[341,623,323,886],"class_list":["post-14721","post","type-post","status-publish","format-standard","has-post-thumbnail","hentry","category-empreendedorismo","tag-economia","tag-microempreendedor-individual","tag-pandemia","tag-pequenos-empreendedores"],"_links":{"self":[{"href":"https:\/\/cndl.org.br\/varejosa\/wp-json\/wp\/v2\/posts\/14721","targetHints":{"allow":["GET"]}}],"collection":[{"href":"https:\/\/cndl.org.br\/varejosa\/wp-json\/wp\/v2\/posts"}],"about":[{"href":"https:\/\/cndl.org.br\/varejosa\/wp-json\/wp\/v2\/types\/post"}],"author":[{"embeddable":true,"href":"https:\/\/cndl.org.br\/varejosa\/wp-json\/wp\/v2\/users\/13"}],"replies":[{"embeddable":true,"href":"https:\/\/cndl.org.br\/varejosa\/wp-json\/wp\/v2\/comments?post=14721"}],"version-history":[{"count":0,"href":"https:\/\/cndl.org.br\/varejosa\/wp-json\/wp\/v2\/posts\/14721\/revisions"}],"wp:featuredmedia":[{"embeddable":true,"href":"https:\/\/cndl.org.br\/varejosa\/wp-json\/wp\/v2\/media\/14722"}],"wp:attachment":[{"href":"https:\/\/cndl.org.br\/varejosa\/wp-json\/wp\/v2\/media?parent=14721"}],"wp:term":[{"taxonomy":"category","embeddable":true,"href":"https:\/\/cndl.org.br\/varejosa\/wp-json\/wp\/v2\/categories?post=14721"},{"taxonomy":"post_tag","embeddable":true,"href":"https:\/\/cndl.org.br\/varejosa\/wp-json\/wp\/v2\/tags?post=14721"}],"curies":[{"name":"wp","href":"https:\/\/api.w.org\/{rel}","templated":true}]}}