{"id":14901,"date":"2022-02-08T09:31:12","date_gmt":"2022-02-08T12:31:12","guid":{"rendered":"https:\/\/cndl.org.br\/varejosasa\/?p=14901"},"modified":"2024-02-04T13:25:38","modified_gmt":"2024-02-04T16:25:38","slug":"abono-salarial-deve-injetar-r-20-bi-na-economia-a-partir-desta-terca-8","status":"publish","type":"post","link":"https:\/\/cndl.org.br\/varejosa\/abono-salarial-deve-injetar-r-20-bi-na-economia-a-partir-desta-terca-8\/","title":{"rendered":"Abono salarial deve injetar R$ 20 bi na economia a partir desta ter\u00e7a (8)"},"content":{"rendered":"\n<p class=\"has-text-align-center\"><em>PIS\/Pasep ser\u00e1 pago de 8 de fevereiro a 31 de mar\u00e7o; para economistas, o valor dever\u00e1 ser utilizado em bens essenciais<\/em><\/p>\n\n\n\n<p>O governo federal estima que o abono salarial PIS\/Pasep dever\u00e1 injetar R$ 20 bilh\u00f5es na economia a partir desta ter\u00e7a-feira (8), quando come\u00e7a o calend\u00e1rio de pagamento. De acordo com o Minist\u00e9rio do Trabalho e Previd\u00eancia, o benef\u00edcio dever\u00e1 ser pago a 22 milh\u00f5es de trabalhadores.<\/p>\n\n\n\n<p>Ter\u00e3o direito ao benef\u00edcio as pessoas inscritas no PIS\/Pasep h\u00e1 pelo menos cinco anos, que trabalharam formalmente por pelo menos 30 dias em 2020 e que recebem at\u00e9 dois sal\u00e1rios m\u00ednimos (R$ 2.424).<\/p>\n\n\n\n<p>O abono salarial ano-base 2020 ser\u00e1 pago de 8 de fevereiro a 31 de mar\u00e7o deste ano, de acordo com o m\u00eas de anivers\u00e1rio dos trabalhadores, em uma parcela proporcional ao per\u00edodo trabalhado com carteira assinada. O valor pode variar de R$ 101 a R$ 1.212.<\/p>\n\n\n\n<p>Por isso, a estimativa da ACSP (Associa\u00e7\u00e3o Comercial de S\u00e3o Paulo) e da FecomercioSP (Federa\u00e7\u00e3o do Com\u00e9rcio de S\u00e3o Paulo) \u00e9 que o abono seja gasto na sua totalidade em bens essenciais, como alimentos e rem\u00e9dios.<\/p>\n\n\n\n<p><em>&#8220;Todo dinheiro que entra, seja abono salarial, FGTS liberado em \u00e1reas alagadas, Aux\u00edlio Brasil, aumento da aposentadoria com o novo sal\u00e1rio m\u00ednimo, tudo isso ajuda e compensa pelo menos em parte a queda dos sal\u00e1rios. N\u00e3o vai produzir nenhuma alta no consumo, porque as pessoas est\u00e3o mais endividadas e cautelosas. Mas vai ajudar especialmente o com\u00e9rcio de alimentos, de g\u00eaneros mais essenciais e de produtos de menor valor&#8221; Marcel Solimeo, economista da Associa\u00e7\u00e3o Comercial de S\u00e3o Paulo.<\/em><\/p>\n\n\n\n<p>No entanto, o com\u00e9rcio de produtos de maior valor vai ficar mais dif\u00edcil, explica o economista. Com o aumento da taxa Selic a 10,75% ao ano, o valor das presta\u00e7\u00f5es tende a aumentar. &#8220;Por isso, o abono pode ajudar mais a venda de produtos de menor valor, especialmente alimentos&#8221;, avalia Solimeo.<\/p>\n\n\n\n<p>Para ele, todo dinheiro adicional que entra no mercado \u00e9 importante, principalmente porque a massa salarial n\u00e3o vem crescendo no mesmo n\u00edvel da infla\u00e7\u00e3o. &#8220;O aumento de emprego est\u00e1 sendo com sal\u00e1rios menores. Ent\u00e3o essas inje\u00e7\u00f5es todas s\u00e3o bastante importantes, mas n\u00e3o v\u00e3o produzir um estouro de consumo&#8221;, acredita o economista.<\/p>\n\n\n\n<p>O Aux\u00edlio Brasil, que \u00e9 pago atualmente a 17,5 milh\u00f5es de pessoas em parcelas mensais de R$ 400, ter\u00e1 efeito bem menor sobre o com\u00e9rcio do que o aux\u00edlio emergencial, que em 2020 pagou mais de R$ 290 bilh\u00f5es em nove parcelas e, em 2021, mais R$ 60 bilh\u00f5es em quatro parcelas.<\/p>\n\n\n\n<p><em>&#8220;O abono tem maior influ\u00eancia sobre as menores rendas e a propens\u00e3o \u00e9 que essas pessoas gastem 100% do valor, de uma forma geral, nos setores de bens essenciais. Esse recurso para os mais pobres ser\u00e1 usado para b\u00e1sicos, como supermercados, farm\u00e1cias e alguma coisa de material de constru\u00e7\u00e3o. Vamos ter bom desempenho, mas n\u00e3o crescimento&#8221; Fabio Pina, assessor econ\u00f4mico da Fecomercio-SP.<\/em><\/p>\n\n\n\n<p>Segundo Pina, a perspectiva para o varejo e para a economia como um todo depende do desempenho de emprego, renda e investimentos, que neste ano n\u00e3o \u00e9 muito positivo. &#8220;Na verdade, o que interessa mesmo \u00e9 qual a perspectiva de crescimento, que \u00e9 de zero a 0,5%, o que n\u00e3o ser\u00e1 muito diferente para o varejo, at\u00e9 porque em especial neste ano o varejo tende a come\u00e7ar a competir com o setor de servi\u00e7os, que ainda n\u00e3o se recuperou completamente&#8221;, analisa o economista.<\/p>\n\n\n\n<p><strong>Quem tem direito ao abono<\/strong><br>Para ter direito ao benef\u00edcio, \u00e9 preciso estar inscrito no PIS\/Pasep h\u00e1 pelo menos cinco anos, ter trabalhado formalmente (com carteira assinada) no m\u00ednimo 30 dias em 2020 e receber at\u00e9 dois sal\u00e1rios m\u00ednimos (R$ 2.424). Tamb\u00e9m \u00e9 necess\u00e1rio que os dados tenham sido informados corretamente pelo empregador na Rais (Rela\u00e7\u00e3o Anual de Informa\u00e7\u00f5es Sociais) ou no esocial, conforme a categoria da empresa.<\/p>\n\n\n\n<p>Trabalhadores do setor privado inscritos no PIS receber\u00e3o o abono salarial deste ano no per\u00edodo de 8 de fevereiro a 31 de mar\u00e7o, pela Caixa. Para servidores p\u00fablicos, militares e empregados de estatais inscritos no Pasep, o pagamento vai de 15 de fevereiro a 24 de mar\u00e7o, pelo Banco do Brasil.<\/p>\n\n\n\n<p>J\u00e1 aqueles que moram em munic\u00edpios em situa\u00e7\u00e3o de emerg\u00eancia por causa das chuvas v\u00e3o receber o valor no dia 8, independentemente da data de nascimento.<\/p>\n\n\n\n<p><strong>Valor<\/strong><br>Esp\u00e9cie de 14\u00ba sal\u00e1rio, o valor do abono \u00e9 proporcional ao per\u00edodo em que o empregado trabalhou com carteira assinada em 2020. Cada m\u00eas trabalhado equivale a um benef\u00edcio de R$ 101, com per\u00edodos iguais ou superiores a 15 dias contados como m\u00eas cheio. Quem trabalhou 12 meses com carteira assinada receber\u00e1 o sal\u00e1rio m\u00ednimo total, de R$ 1.212.<\/p>\n\n\n\n<p>Os trabalhadores da iniciativa privada inscritos no PIS e nascidos nos meses de janeiro a junho e os trabalhadores dos munic\u00edpios afetados pelas chuvas nos estados da Bahia e de Minas Gerais podem consultar as informa\u00e7\u00f5es pelo aplicativo Caixa Tem e pelo atendimento Caixa ao Cidad\u00e3o (0800 726 0207).<\/p>\n\n\n\n<p>No caso dos trabalhadores vinculados ao Pasep, a consulta do saldo \u00e9 na p\u00e1gina Consulte Seu Pasep. H\u00e1 tamb\u00e9m a op\u00e7\u00e3o de ligar para a Central de Atendimento do Banco do Brasil (4004-0001, capitais e regi\u00f5es metropolitanas, ou 0800 729 0001, interior).<\/p>\n\n\n\n<p>O servi\u00e7o de consulta tamb\u00e9m pode ser feito pelo link www.gov.br\/pt-br\/servicos\/sacar-o-abono-salarial, bem como pelo telefone 158, do Minist\u00e9rio do Trabalho e Previd\u00eancia, e pelo atendimento presencial nas unidades regionais da pasta.<\/p>\n\n\n\n<p><em>Fonte: R7 Not\u00edcias <\/em><\/p>\n","protected":false},"excerpt":{"rendered":"<p>O governo federal estima que o abono salarial PIS\/Pasep dever\u00e1 injetar R$ 20 bilh\u00f5es na economia a partir desta ter\u00e7a-feira (8), quando come\u00e7a o calend\u00e1rio de pagamento. De acordo com o Minist\u00e9rio do Trabalho e Previd\u00eancia, o benef\u00edcio dever\u00e1 ser pago a 22 milh\u00f5es de trabalhadores.<\/p>\n","protected":false},"author":7,"featured_media":13066,"comment_status":"open","ping_status":"open","sticky":false,"template":"","format":"standard","meta":{"footnotes":""},"categories":[26],"tags":[797,659,341,468,799,423,471,730],"class_list":["post-14901","post","type-post","status-publish","format-standard","has-post-thumbnail","hentry","category-negocios-e-economia","tag-abono-salarial","tag-auxilio-brasil","tag-economia","tag-fgts","tag-pasep","tag-pis","tag-pis-pasep","tag-salario"],"_links":{"self":[{"href":"https:\/\/cndl.org.br\/varejosa\/wp-json\/wp\/v2\/posts\/14901","targetHints":{"allow":["GET"]}}],"collection":[{"href":"https:\/\/cndl.org.br\/varejosa\/wp-json\/wp\/v2\/posts"}],"about":[{"href":"https:\/\/cndl.org.br\/varejosa\/wp-json\/wp\/v2\/types\/post"}],"author":[{"embeddable":true,"href":"https:\/\/cndl.org.br\/varejosa\/wp-json\/wp\/v2\/users\/7"}],"replies":[{"embeddable":true,"href":"https:\/\/cndl.org.br\/varejosa\/wp-json\/wp\/v2\/comments?post=14901"}],"version-history":[{"count":0,"href":"https:\/\/cndl.org.br\/varejosa\/wp-json\/wp\/v2\/posts\/14901\/revisions"}],"wp:featuredmedia":[{"embeddable":true,"href":"https:\/\/cndl.org.br\/varejosa\/wp-json\/wp\/v2\/media\/13066"}],"wp:attachment":[{"href":"https:\/\/cndl.org.br\/varejosa\/wp-json\/wp\/v2\/media?parent=14901"}],"wp:term":[{"taxonomy":"category","embeddable":true,"href":"https:\/\/cndl.org.br\/varejosa\/wp-json\/wp\/v2\/categories?post=14901"},{"taxonomy":"post_tag","embeddable":true,"href":"https:\/\/cndl.org.br\/varejosa\/wp-json\/wp\/v2\/tags?post=14901"}],"curies":[{"name":"wp","href":"https:\/\/api.w.org\/{rel}","templated":true}]}}