{"id":14951,"date":"2022-02-11T12:13:00","date_gmt":"2022-02-11T15:13:00","guid":{"rendered":"https:\/\/cndl.org.br\/varejosa\/?p=14951"},"modified":"2024-02-04T15:51:11","modified_gmt":"2024-02-04T18:51:11","slug":"vendas-do-comercio-avancam-em-2021-apos-queda-registrada-em-2020","status":"publish","type":"post","link":"https:\/\/cndl.org.br\/varejosa\/vendas-do-comercio-avancam-em-2021-apos-queda-registrada-em-2020\/","title":{"rendered":"Vendas do com\u00e9rcio avan\u00e7am em 2021, ap\u00f3s queda registrada em 2020"},"content":{"rendered":"\n<p>Esta semana a Confedera\u00e7\u00e3o Nacional de Dirigentes Lojistas (CNDL) divulgou a edi\u00e7\u00e3o de Fevereiro\/2022 da publica\u00e7\u00e3o Panorama do Com\u00e9rcio, que compila os principais dados econ\u00f4micos e sociais relacionados ao com\u00e9rcio. <\/p>\n\n\n\n<p>De acordo com o relat\u00f3rio, &#8220;em 2021, segundo ano marcado pela pandemia de coronav\u00edrus, as vendas do varejo ampliado, que inclui o com\u00e9rcio varejista, al\u00e9m do com\u00e9rcio de ve\u00edculos, motos, pe\u00e7as e materiais para constru\u00e7\u00e3o, cresceram. O avan\u00e7o foi de 4,5% e sucedeu uma queda de 1,4% em 2020.<\/p>\n\n\n\n<p>O crescimento esteve mais concentrado na primeira metade do ano. Na segunda metade, houve modera\u00e7\u00e3o do ritmo de crescimento, mas essa desacelera\u00e7\u00e3o n\u00e3o chegou a comprometer o resultado do ano como um todo. Cumpre notar ainda que a recupera\u00e7\u00e3o n\u00e3o foi homog\u00eanea: das oito atividades detalhadas pelo IBGE, metade registraram queda das vendas em 2021&#8243;.<\/p>\n\n\n\n<div class=\"wp-block-image\"><figure class=\"aligncenter size-large is-resized\"><img loading=\"lazy\" decoding=\"async\" src=\"https:\/\/cndl.org.br\/varejosa\/wp-content\/uploads\/2022\/02\/panorama-do-comercio-numeros-de-fevereiro-2022.jpg\" alt=\"\" class=\"wp-image-14952\" width=\"815\" height=\"466\" srcset=\"https:\/\/cndl.org.br\/varejosa\/wp-content\/uploads\/2022\/02\/panorama-do-comercio-numeros-de-fevereiro-2022.jpg 900w, https:\/\/cndl.org.br\/varejosa\/wp-content\/uploads\/2022\/02\/panorama-do-comercio-numeros-de-fevereiro-2022-300x172.jpg 300w, https:\/\/cndl.org.br\/varejosa\/wp-content\/uploads\/2022\/02\/panorama-do-comercio-numeros-de-fevereiro-2022-768x439.jpg 768w\" sizes=\"auto, (max-width: 815px) 100vw, 815px\" \/><\/figure><\/div>\n\n\n\n<p>Baixe a edi\u00e7\u00e3o de <strong><a href=\"http:\/\/clickemailmkt.cndl.org.br\/ls\/click?upn=EIDIqW5QPOnIS62r5tpL26AE4Ckj6wC-2BExAVeIQHwX38uR1IbeE9jMDaNPRoKxE16CeuUQtcAdvWpg-2B7gc05VYjsdQhFmfv2B4f6aPYtWmhuZLJO5R2Z8UyocJof0kLXrUSp4oRJkGxJ7ef3NECqqLWD0lX3ce92j0GZUNWJdq2NNKsdnVOvTL60xbxeqn7u99b-2F4AmPgz4YeKlw7ElBgBaoG7R42T8JIvwbO4kPlCjfDgDE9839vvs-2FL6sU-2FP2RTJO142JidNvGOCZ7ERFjvQ-3D-3DXnIc_Em-2F6Tn53n3Yn4GGACh3l5jK6Ron6HGjiOmbEWvROtBlRWWCLUqZ6DgB0cUDIvOzc6i879mdt6CNO8HuGpGzwic8eDjjFcX6Bd-2BKKqC0pfUThe6eXAyRfSMLOBvjQjwsxhZ7byJZ87m9oVWR-2FgQ74pMzZ3xFGSyX0Dgxkb2kWl-2FYNd74V0glUl-2FeEDOP5P0EjpXllSKsQWc-2FUyZqacxze4GHGbUk4etZq2yixhyY2e4f-2FOvRr9ulxXLGaLecsGz-2ByfjylnahWuBA17AaLMbP8FVPlyZujGoDezoiZOgZ-2BTIi9xfxbzkyAYVSxA7LqbL7IRjgHezYhq465VjaHMW6Y4i9jhP9DfDKdufVHWSwC5DRTRDOVaVQEyT7CWcW04xcrujOb1TGjE08twfiO-2BwuKVpYrqMRotLO7YyovPOevIt1a4mz2yRxv-2F6JgbGyA1AlKBbwaq61veE4e17gJPAsECSErSFDnMyAQpkN-2B6-2FIf91mME7z-2B4FmxfBCAL38upYY3bkr1o8t0EBzd7gkuOxdXBd5nX8WmbbuOTHcZ0XGszCtA76lXqP0-2BW2x8EsFXBot6w-2BW76mm2T3U3HwknzT8393Ysvtv4mSt2YIxcoIYHN4qHLs3e0yigfy-2FFA3pYycpByr9dQ-2BK0-2BvhItFtlJP8AlsCl5-2F2uuKdUSLIhH0hn89U-3D\" target=\"_blank\" rel=\"noreferrer noopener\">Fevereiro\/2022 do Panorama do Com\u00e9rcio<\/a><\/strong>.<\/p>\n","protected":false},"excerpt":{"rendered":"<p>Em 2021, segundo ano marcado pela pandemia de coronav\u00edrus, as vendas do varejo ampliado, que inclui o com\u00e9rcio varejista, al\u00e9m do com\u00e9rcio de ve\u00edculos, motos, pe\u00e7as e materiais para constru\u00e7\u00e3o, cresceram. O avan\u00e7o foi de 4,5% e sucedeu uma queda de 1,4% em 2020.<\/p>\n","protected":false},"author":7,"featured_media":14953,"comment_status":"open","ping_status":"open","sticky":false,"template":"","format":"standard","meta":{"footnotes":""},"categories":[1836],"tags":[279,484,341,855,250],"class_list":["post-14951","post","type-post","status-publish","format-standard","has-post-thumbnail","hentry","category-marketing-e-vendas","tag-cndl","tag-comercio-varejista","tag-economia","tag-panorama-do-comercio","tag-vendas"],"_links":{"self":[{"href":"https:\/\/cndl.org.br\/varejosa\/wp-json\/wp\/v2\/posts\/14951","targetHints":{"allow":["GET"]}}],"collection":[{"href":"https:\/\/cndl.org.br\/varejosa\/wp-json\/wp\/v2\/posts"}],"about":[{"href":"https:\/\/cndl.org.br\/varejosa\/wp-json\/wp\/v2\/types\/post"}],"author":[{"embeddable":true,"href":"https:\/\/cndl.org.br\/varejosa\/wp-json\/wp\/v2\/users\/7"}],"replies":[{"embeddable":true,"href":"https:\/\/cndl.org.br\/varejosa\/wp-json\/wp\/v2\/comments?post=14951"}],"version-history":[{"count":0,"href":"https:\/\/cndl.org.br\/varejosa\/wp-json\/wp\/v2\/posts\/14951\/revisions"}],"wp:featuredmedia":[{"embeddable":true,"href":"https:\/\/cndl.org.br\/varejosa\/wp-json\/wp\/v2\/media\/14953"}],"wp:attachment":[{"href":"https:\/\/cndl.org.br\/varejosa\/wp-json\/wp\/v2\/media?parent=14951"}],"wp:term":[{"taxonomy":"category","embeddable":true,"href":"https:\/\/cndl.org.br\/varejosa\/wp-json\/wp\/v2\/categories?post=14951"},{"taxonomy":"post_tag","embeddable":true,"href":"https:\/\/cndl.org.br\/varejosa\/wp-json\/wp\/v2\/tags?post=14951"}],"curies":[{"name":"wp","href":"https:\/\/api.w.org\/{rel}","templated":true}]}}