{"id":14971,"date":"2022-02-15T00:00:00","date_gmt":"2022-02-15T03:00:00","guid":{"rendered":"https:\/\/cndl.org.br\/varejosa\/?p=14971"},"modified":"2024-02-04T17:06:06","modified_gmt":"2024-02-04T20:06:06","slug":"entidades-devem-nomear-os-participantes-da-56a-convencao-nacional-do-comercio-lojista","status":"publish","type":"post","link":"https:\/\/cndl.org.br\/varejosa\/entidades-devem-nomear-os-participantes-da-56a-convencao-nacional-do-comercio-lojista\/","title":{"rendered":"Entidades devem nomear os participantes da 56\u00aa Conven\u00e7\u00e3o Nacional do Com\u00e9rcio Lojista"},"content":{"rendered":"\n<p>A Confedera\u00e7\u00e3o Nacional de Dirigentes Lojistas (CNDL) divulgou, nesta segunda-feira (14), um guia para facilitar as nomea\u00e7\u00f5es das inscri\u00e7\u00f5es para a <a href=\"https:\/\/cndl.org.br\/convencaonacional\/\" target=\"_blank\" rel=\"noreferrer noopener\">56\u00aa Conven\u00e7\u00e3o Nacional do Com\u00e9rcio Lojista<\/a>. As nomea\u00e7\u00f5es dever\u00e3o ser realizadas, no site da Conven\u00e7\u00e3o Nacional, pelas entidades que fizeram a compra de inscri\u00e7\u00e3o para o evento presencial. Este procedimento \u00e9 essencial para que todos os participantes sejam registrados e participem de toda a programa\u00e7\u00e3o.<\/p>\n\n\n\n<p><strong>Como nomear<\/strong><br>J\u00e1 dentro do portal da Conven\u00e7\u00e3o, \u00e9 preciso acessar a p\u00e1gina &#8220;Minha Conta&#8221;, fazer o login e acessar a aba &#8220;Pedidos&#8221;, onde deve escolher a compra que dever\u00e1 ter as inscri\u00e7\u00f5es nomeadas. Caso tenha realizado mais de uma compra, dever\u00e1 realizar esse processo em todas os pedidos que aparecem em sua tela.<\/p>\n\n\n\n<p><a href=\"https:\/\/www.instagram.com\/p\/CZ9x-WJs-bF\/\" target=\"_blank\" rel=\"noreferrer noopener\"><em>Confira o passo a passo para realizar as nomea\u00e7\u00f5es<\/em><\/a><\/p>\n\n\n\n<p>Ao abrir a p\u00e1gina de nomea\u00e7\u00e3o, voc\u00ea dever\u00e1 cadastrar os nomes e dados de cada um dos participantes que a sua entidade ir\u00e1 levar para a Conven\u00e7\u00e3o Nacional. Ao final da p\u00e1gina, lembre-se de clicar em &#8220;Salvar&#8221;. Depois, \u00e9 s\u00f3 aguardar o grande evento.<\/p>\n\n\n\n<p><strong>Conven\u00e7\u00e3o<\/strong><br>Realizada pela CNDL e a Federa\u00e7\u00e3o das C\u00e2maras de Dirigentes Lojistas do Estado de S\u00e3o Paulo (FCDL-SP), a 56\u00aa Conven\u00e7\u00e3o Nacional do Com\u00e9rcio Lojista ocorre de 12 a 15 de maio de 2022, em Campos do Jord\u00e3o (SP), de forma presencial e com transmiss\u00e3o online. A partir do tema \u201cProp\u00f3sito \u2013 A mudan\u00e7a cultural do varejo\u201d, o objetivo deste grande encontro de l\u00edderes e empres\u00e1rios \u00e9 debater os rumos do setor de com\u00e9rcio e servi\u00e7os. <\/p>\n\n\n\n<p>As vagas para participa\u00e7\u00e3o do evento de forma presencial j\u00e1 est\u00e3o esgotadas. A etapa agora \u00e9 nomear as inscri\u00e7\u00f5es, conforme j\u00e1 orientado no in\u00edcio do texto. Em Abril ser\u00e3o abertas as inscri\u00e7\u00f5es para participa\u00e7\u00e3o online no evento. Fique ligado!<\/p>\n\n\n\n<p>Aqui na Varejo S.A. tamb\u00e9m tem um passo a posso para ajudar as entidades com as nomea\u00e7\u00f5es:<\/p>\n\n\n\n<div class=\"wp-block-image\"><figure class=\"aligncenter size-large\"><a href=\"https:\/\/cndl.org.br\/varejosa\/wp-content\/uploads\/2022\/02\/7-NomeaC3A7C3A3o-de-inscriC3A7C3B5es-Corpo-e-mail-scaled-1.jpg\"><img decoding=\"async\" src=\"https:\/\/cndl.org.br\/varejosa\/wp-content\/uploads\/2022\/02\/7-Nomea\u00e7\u00e3o-de-inscri\u00e7\u00f5es-Corpo-e-mail-348x1024.jpg\" alt=\"\" class=\"wp-image-14973\"\/><\/a><\/figure><\/div>\n","protected":false},"excerpt":{"rendered":"<p>As nomea\u00e7\u00f5es dever\u00e3o ser realizadas, no site da Conven\u00e7\u00e3o Nacional, pelas entidades que fizeram a compra de inscri\u00e7\u00e3o para o evento presencial. Este procedimento \u00e9 essencial para que todos os participantes sejam registrados e participem de toda a programa\u00e7\u00e3o.<\/p>\n","protected":false},"author":7,"featured_media":14972,"comment_status":"open","ping_status":"open","sticky":false,"template":"","format":"standard","meta":{"footnotes":""},"categories":[1371],"tags":[2959,279,4495,484,2431],"class_list":["post-14971","post","type-post","status-publish","format-standard","has-post-thumbnail","hentry","category-noticias-cndl","tag-56a-convencao-nacional-do-comercio-lojista","tag-cndl","tag-comercio-lojista","tag-comercio-varejista","tag-fcdl-sp"],"_links":{"self":[{"href":"https:\/\/cndl.org.br\/varejosa\/wp-json\/wp\/v2\/posts\/14971","targetHints":{"allow":["GET"]}}],"collection":[{"href":"https:\/\/cndl.org.br\/varejosa\/wp-json\/wp\/v2\/posts"}],"about":[{"href":"https:\/\/cndl.org.br\/varejosa\/wp-json\/wp\/v2\/types\/post"}],"author":[{"embeddable":true,"href":"https:\/\/cndl.org.br\/varejosa\/wp-json\/wp\/v2\/users\/7"}],"replies":[{"embeddable":true,"href":"https:\/\/cndl.org.br\/varejosa\/wp-json\/wp\/v2\/comments?post=14971"}],"version-history":[{"count":0,"href":"https:\/\/cndl.org.br\/varejosa\/wp-json\/wp\/v2\/posts\/14971\/revisions"}],"wp:featuredmedia":[{"embeddable":true,"href":"https:\/\/cndl.org.br\/varejosa\/wp-json\/wp\/v2\/media\/14972"}],"wp:attachment":[{"href":"https:\/\/cndl.org.br\/varejosa\/wp-json\/wp\/v2\/media?parent=14971"}],"wp:term":[{"taxonomy":"category","embeddable":true,"href":"https:\/\/cndl.org.br\/varejosa\/wp-json\/wp\/v2\/categories?post=14971"},{"taxonomy":"post_tag","embeddable":true,"href":"https:\/\/cndl.org.br\/varejosa\/wp-json\/wp\/v2\/tags?post=14971"}],"curies":[{"name":"wp","href":"https:\/\/api.w.org\/{rel}","templated":true}]}}