{"id":15009,"date":"2022-02-16T19:30:19","date_gmt":"2022-02-16T22:30:19","guid":{"rendered":"https:\/\/cndl.org.br\/varejosa\/?p=15009"},"modified":"2026-01-29T10:37:02","modified_gmt":"2026-01-29T13:37:02","slug":"rogerio-marinho-visita-sede-da-unecs","status":"publish","type":"post","link":"https:\/\/cndl.org.br\/varejosa\/rogerio-marinho-visita-sede-da-unecs\/","title":{"rendered":"Rog\u00e9rio Marinho visita sede da UNECS e mostra os avan\u00e7os do seu minist\u00e9rio"},"content":{"rendered":"\n<p><em>Ministro do Desenvolvimento Regional apresentou ao setor de com\u00e9rcio e servi\u00e7os os feitos do seu minist\u00e9rio e mostrou que o Brasil avan\u00e7a onde mais precisa<\/em><\/p>\n\n\n\n<p>O ministro de Desenvolvimento Regional, Rog\u00e9rio Marinho, se reuniu, na tarde desta quarta-feira (16), com o Conselho de Administra\u00e7\u00e3o da Uni\u00e3o Nacional de Entidades do Com\u00e9rcio e Servi\u00e7os (UNECS). O encontro se deu na sede da Confedera\u00e7\u00e3o Nacional de Dirigentes Lojistas (CNDL), em Bras\u00edlia, e se deu logo ap\u00f3s o almo\u00e7o do ministro da Economia, Paulo Guedes, com as lideran\u00e7as do setor varejista.<\/p>\n\n\n\n<p>Marinho apresentou os resultados do seu minist\u00e9rio, em especial os projetos ligados \u00e0 infraestrutura e urbanismo, um dos temas considerados priorit\u00e1rios do setor de com\u00e9rcio e servi\u00e7os. O ministro falou das 30 mil obras que est\u00e3o em andamento em todo o Brasil e associou essas a\u00e7\u00f5es ao desenvolvimento regional.<\/p>\n\n\n\n<p>\u201cTemos uma integra\u00e7\u00e3o transversal. Quando as a\u00e7\u00f5es do governo acontecem a economia come\u00e7a a girar e isso gera um impacto positivo no setor de com\u00e9rcio e servi\u00e7os\u201d, explicou, lembrando o grande feito que foi a transposi\u00e7\u00e3o do Rio S\u00e3o Francisco, e que muitos ainda n\u00e3o compreendem a dimens\u00e3o da obra.<\/p>\n\n\n\n<p>\u201cOs dois eixos do projeto que foram conclu\u00eddos agora. Dez anos depois de iniciados, foram recebidos com apenas 50% das obras conclu\u00eddas. A funcionalidade desses eixos era abaixo de 16%. Quem deu funcionalidade a um eixo foi Temer, ou outro Bolsonaro\u201d, disse. \u201cN\u00f3s fizemos 600 interven\u00e7\u00f5es para reparar trabalhos malfeitos. Uma obra de R$ 14 bilh\u00f5es\u201d, explicou.<\/p>\n\n\n\n<p>\u201cEssa \u00e9 a maior obra h\u00eddrica em constru\u00e7\u00e3o do mundo. S\u00e3o mais de 3 mil quil\u00f4metros de adutoras, isso em uma regi\u00e3o de grande desigualdade, que sem \u00e1gua n\u00e3o consegue criar ind\u00fastria, n\u00e3o tem com\u00e9rcio, pressiona o sistema de sa\u00fade. \u00c9 um ciclo vicioso\u201d, disse.<\/p>\n\n\n\n<p>\u201cPor isso que muitos j\u00e1 consideram o dia 9 de fevereiro o Dia da Independ\u00eancia do Nordeste\u201d, disse, se referindo \u00e0 data de inaugura\u00e7\u00e3o do trecho Norte das obras de transposi\u00e7\u00e3o do Rio S\u00e3o Francisco.<\/p>\n\n\n\n<p>O ministro tamb\u00e9m falou sobre as fortes chuvas que atingiram a cidade de Petr\u00f3polis, no Rio de Janeiro, nessa ter\u00e7a-feira (15). Marinho disse que o minist\u00e9rio do Desenvolvimento Regional, por meio da Defesa Civil Nacional, fez mobiliza\u00e7\u00e3o junto \u00e0s defesas civis do estado e munic\u00edpio para prestar socorro \u00e0 regi\u00e3o e \u00e0s v\u00edtimas.<\/p>\n\n\n\n<p>Segundo Marinho, existe muita demanda em rela\u00e7\u00e3o ao investimento em preven\u00e7\u00e3o e recupera\u00e7\u00e3o de infraestrutura, mas que o or\u00e7amento para esse tipo de a\u00e7\u00e3o \u00e9 de apenas R$ 38 milh\u00f5es. O ministro disse que esse problema deve ser resolvido no \u00e2mbito do Congresso Nacional. \u201cEsse \u00e9 o tipo de iniciativa que tem que ser pensada de maneira coordenada e a solu\u00e7\u00e3o do problema deve ser feita a partir no Congresso Nacional, a partir da defini\u00e7\u00e3o do or\u00e7amento. Essa \u00e9 uma obriga\u00e7\u00e3o que temos com a popula\u00e7\u00e3o\u201d, disse.<\/p>\n\n\n\n<p>Rog\u00e9rio Marinho tamb\u00e9m citou o Marco Legal do Saneamento como um dos grandes feitos do governo. A meta do Governo Federal \u00e9 alcan\u00e7ar a universaliza\u00e7\u00e3o dos servi\u00e7os de saneamento b\u00e1sico at\u00e9 2033, garantindo que 99% da popula\u00e7\u00e3o brasileira tenha acesso \u00e0 \u00e1gua pot\u00e1vel e 90%, ao tratamento e \u00e0 coleta de esgoto.<\/p>\n\n\n\n<p>Segundo o ministro, o novo marco vai garantir condi\u00e7\u00f5es a 100 milh\u00f5es de brasileiros de terem acesso a \u00e1gua pot\u00e1vel. \u201cNo primeiro ano do Marco Legal houve investimentos da ordem de R$ 47 milh\u00f5es do setor privado, 11 vezes mais que no ano anterior \u00e0 nova legisla\u00e7\u00e3o\u201d, comemorou.<\/p>\n\n\n\n<p>O presidente da Confedera\u00e7\u00e3o Nacional de Dirigentes Lojistas, Jos\u00e9 C\u00e9sar da Costa, elogiou a apresenta\u00e7\u00e3o e comemorou o fato do Minist\u00e9rio Desenvolvimento Regional ser ocupado por uma lideran\u00e7a com qualifica\u00e7\u00e3o e grande habilidade pol\u00edtica. \u201cO ministro Rog\u00e9rio Marinho \u00e9 muito t\u00e9cnico e qualificado e, ao mesmo tempo, possui grande sensibilidade pol\u00edtica\u201d, disse. \u201cPara o setor de com\u00e9rcio e servi\u00e7os esse perfil \u00e9 fundamental, porque desenvolvimento regional \u00e9 uma das pautas mais importantes para o empres\u00e1rio varejista. Sem desenvolvimento, n\u00e3o h\u00e1 com\u00e9rcio. E Rog\u00e9rio Marinho tem atuado com grande intelig\u00eancia e vis\u00e3o sist\u00eamica para implementar as obras que o Brasil precisa para crescer\u201d.<\/p>\n","protected":false},"excerpt":{"rendered":"<p>Ministro do Desenvolvimento Regional apresentou ao setor de com\u00e9rcio e servi\u00e7os os feitos do seu minist\u00e9rio e mostrou que o Brasil avan\u00e7a onde mais precisa. <\/p>\n","protected":false},"author":5,"featured_media":15010,"comment_status":"open","ping_status":"open","sticky":false,"template":"","format":"standard","meta":{"footnotes":""},"categories":[5891],"tags":[279,3414,290,3897,1107],"class_list":["post-15009","post","type-post","status-publish","format-standard","has-post-thumbnail","hentry","category-empreendedorismo","tag-cndl","tag-desenvolvimento-regional","tag-jose-cesar-da-costa","tag-rogerio-marinho","tag-unecs"],"_links":{"self":[{"href":"https:\/\/cndl.org.br\/varejosa\/wp-json\/wp\/v2\/posts\/15009","targetHints":{"allow":["GET"]}}],"collection":[{"href":"https:\/\/cndl.org.br\/varejosa\/wp-json\/wp\/v2\/posts"}],"about":[{"href":"https:\/\/cndl.org.br\/varejosa\/wp-json\/wp\/v2\/types\/post"}],"author":[{"embeddable":true,"href":"https:\/\/cndl.org.br\/varejosa\/wp-json\/wp\/v2\/users\/5"}],"replies":[{"embeddable":true,"href":"https:\/\/cndl.org.br\/varejosa\/wp-json\/wp\/v2\/comments?post=15009"}],"version-history":[{"count":0,"href":"https:\/\/cndl.org.br\/varejosa\/wp-json\/wp\/v2\/posts\/15009\/revisions"}],"wp:featuredmedia":[{"embeddable":true,"href":"https:\/\/cndl.org.br\/varejosa\/wp-json\/wp\/v2\/media\/15010"}],"wp:attachment":[{"href":"https:\/\/cndl.org.br\/varejosa\/wp-json\/wp\/v2\/media?parent=15009"}],"wp:term":[{"taxonomy":"category","embeddable":true,"href":"https:\/\/cndl.org.br\/varejosa\/wp-json\/wp\/v2\/categories?post=15009"},{"taxonomy":"post_tag","embeddable":true,"href":"https:\/\/cndl.org.br\/varejosa\/wp-json\/wp\/v2\/tags?post=15009"}],"curies":[{"name":"wp","href":"https:\/\/api.w.org\/{rel}","templated":true}]}}