{"id":15012,"date":"2022-02-17T09:05:38","date_gmt":"2022-02-17T12:05:38","guid":{"rendered":"https:\/\/cndl.org.br\/varejosa\/?p=15012"},"modified":"2024-02-04T17:06:06","modified_gmt":"2024-02-04T20:06:06","slug":"nova-diretoria-da-cdl-de-balneario-camboriu-toma-posse","status":"publish","type":"post","link":"https:\/\/cndl.org.br\/varejosa\/nova-diretoria-da-cdl-de-balneario-camboriu-toma-posse\/","title":{"rendered":"Nova diretoria da CDL de Balne\u00e1rio Cambori\u00fa toma posse"},"content":{"rendered":"\n<p>Inova\u00e7\u00e3o, humaniza\u00e7\u00e3o, conex\u00e3o e experi\u00eancia s\u00e3o prioridades para o segundo mandato do rec\u00e9m-empossado presidente da C\u00e2mara de Dirigentes Lojistas de Balne\u00e1rio Cambori\u00fa (CDL BC), Vilton Jo\u00e3o dos Santos (Purificadores Europa). A nova diretoria tomou posse na noite de ter\u00e7a, 15 de fevereiro, em solenidade realizada na sede da entidade. \u201cA gente inova, humaniza, conecta e experiencia. E a partir disso, valida e converte em a\u00e7\u00f5es focadas para o desenvolvimento da economia da cidade\u201d, disse Vilton em seu discurso de posse. O vice-presidente da entidade \u00e9 o empres\u00e1rio \u00c1lvaro Zambom dos Santos (Santos e AZS Automotivo).<\/p>\n\n\n\n<p>O objetivo da nova diretoria \u00e9 seguir incentivando o empreendedorismo local e ampliando oportunidades para gera\u00e7\u00e3o de neg\u00f3cios ao setor do com\u00e9rcio, servi\u00e7os e ind\u00fastria de Balne\u00e1rio Cambori\u00fa. Uma das premissas da entidade \u00e9 incentivar a capacita\u00e7\u00e3o profissional e a forma\u00e7\u00e3o de l\u00edderes nas empresas.<\/p>\n\n\n\n<p>O empres\u00e1rio Vilton Santos chega ao segundo mandato \u00e0 frente da diretoria da CDL para o bi\u00eanio 2022\/23 ap\u00f3s vencer um processo eleitoral que, pela primeira vez na hist\u00f3ria da entidade, teve uma chapa concorrente. A proposta apresentada por Vilton recebeu a ades\u00e3o da maioria dos associados com direito a voto. \u201cContinuaremos com os projetos j\u00e1 em andamento, mas tamb\u00e9m vamos trazer novos caminhos. Dois deles se referem \u00e0 conex\u00e3o e experi\u00eancia\u201d.<\/p>\n\n\n\n<p>Dentro da bandeira conex\u00e3o, o intuito da nova diretoria da CDL-BC \u00e9 formar uma rede de relacionamento que aumente cada vez mais a for\u00e7a do associativismo. Durante a posse, a entidade firmou protocolos de inten\u00e7\u00e3o de parceria com Acibalc, Sindilojas e Secretaria Municipal de Turismo para a\u00e7\u00f5es conjuntas ao longo de 2022. \u201cIremos continuar estabelecendo conex\u00f5es com outras entidades, poder p\u00fablico, pol\u00edcia civil e militar, Rotary, Lions, cooperativas de cr\u00e9dito, Sesc, Senai, Sebrae e onde mais surgirem oportunidades\u201d, acrescentou.<\/p>\n\n\n\n<p>Durante o discurso de posse, Vilton tamb\u00e9m recitou o poema \u201cAo Senhor Meu Pedido\u201d, de autoria pr\u00f3pria, uma esp\u00e9cie de mantra com pedidos de orienta\u00e7\u00f5es para conduzir a CDL nos pr\u00f3ximos 2 anos. Um dos grandes eventos da CDL BC em 2022 ser\u00e1 em torno das comemora\u00e7\u00f5es dos 45 anos de funda\u00e7\u00e3o da entidade, em agosto deste ano. A expectativa \u00e9 de que seja realizada no Centro de Eventos de Balne\u00e1rio Cambori\u00fa.<\/p>\n\n\n\n<p><strong>Diretoria empossada da CDL BC \u2013 Gest\u00e3o 2022\/2023<\/strong><\/p>\n\n\n\n<p>Presidente: Vilton Santos<br>Vice: \u00c1lvaro Santos<br>Diretora Financeira: Nizete Evaristo<br>Diretor SPC e servi\u00e7os: Moises Rossi<br>Diretor Secret\u00e1rio: Carlos Ricardo Luz<br>Diretor de Rela\u00e7\u00f5es Institucionais: Lu\u00eds Aquino Vieira<br>Diretora adjunta de Rela\u00e7\u00f5es Institucionais: Luciene Vieira<br>Diretor de RP e eventos: Joao Tomas Pereira<br>Diretor de C\u00e2maras Setoriais: Carlos Dalben<br>Diretor adjunto de C\u00e2maras Setoriais: Guilherme Francisco Frigeri L\u00f3pez<br>Diretor de Assessoria P\u00fablica e Pol\u00edtica: Carlos Haacke<br>Diretor Comercial e de Marketing: Cl\u00e1udio Machado<br>Diretora CDL mulher: Tayana Nitz<\/p>\n\n\n\n<p><strong>Conselho Fiscal<\/strong><br>Efetivos:<br>Fabio Colla<br>Beto Cruz<br>Thiago Karrer<\/p>\n\n\n\n<p>Suplentes:<br>Miro Teixeira<br>Marina Silva<br>N\u00e1dia Rothemberg Luz<\/p>\n\n\n\n<p><em>Fonte\/Foto: CDL Balne\u00e1rio Cambori\u00fa<\/em><\/p>\n","protected":false},"excerpt":{"rendered":"<p>Inova\u00e7\u00e3o, humaniza\u00e7\u00e3o, conex\u00e3o e experi\u00eancia s\u00e3o prioridades para o segundo mandato do rec\u00e9m-empossado presidente da C\u00e2mara de Dirigentes Lojistas de Balne\u00e1rio Cambori\u00fa (CDL BC), Vilton Jo\u00e3o dos Santos (Purificadores Europa). A nova diretoria tomou posse na noite de ter\u00e7a, 15 de fevereiro, em solenidade realizada na sede da entidade. \u201cA gente inova, humaniza, conecta e experiencia. E a partir disso, valida e converte em a\u00e7\u00f5es focadas para o desenvolvimento da economia da cidade\u201d, disse Vilton em seu discurso de posse. O vice-presidente da entidade \u00e9 o empres\u00e1rio \u00c1lvaro Zambom dos Santos (Santos e AZS Automotivo).<\/p>\n","protected":false},"author":18,"featured_media":15016,"comment_status":"open","ping_status":"open","sticky":false,"template":"","format":"standard","meta":{"footnotes":""},"categories":[1371],"tags":[2700,4497,4498,3204,630],"class_list":["post-15012","post","type-post","status-publish","format-standard","has-post-thumbnail","hentry","category-noticias-cndl","tag-cdl-balneario-camboriu","tag-conexao","tag-experiencia","tag-humanizacao","tag-inovacao"],"_links":{"self":[{"href":"https:\/\/cndl.org.br\/varejosa\/wp-json\/wp\/v2\/posts\/15012","targetHints":{"allow":["GET"]}}],"collection":[{"href":"https:\/\/cndl.org.br\/varejosa\/wp-json\/wp\/v2\/posts"}],"about":[{"href":"https:\/\/cndl.org.br\/varejosa\/wp-json\/wp\/v2\/types\/post"}],"author":[{"embeddable":true,"href":"https:\/\/cndl.org.br\/varejosa\/wp-json\/wp\/v2\/users\/18"}],"replies":[{"embeddable":true,"href":"https:\/\/cndl.org.br\/varejosa\/wp-json\/wp\/v2\/comments?post=15012"}],"version-history":[{"count":0,"href":"https:\/\/cndl.org.br\/varejosa\/wp-json\/wp\/v2\/posts\/15012\/revisions"}],"wp:featuredmedia":[{"embeddable":true,"href":"https:\/\/cndl.org.br\/varejosa\/wp-json\/wp\/v2\/media\/15016"}],"wp:attachment":[{"href":"https:\/\/cndl.org.br\/varejosa\/wp-json\/wp\/v2\/media?parent=15012"}],"wp:term":[{"taxonomy":"category","embeddable":true,"href":"https:\/\/cndl.org.br\/varejosa\/wp-json\/wp\/v2\/categories?post=15012"},{"taxonomy":"post_tag","embeddable":true,"href":"https:\/\/cndl.org.br\/varejosa\/wp-json\/wp\/v2\/tags?post=15012"}],"curies":[{"name":"wp","href":"https:\/\/api.w.org\/{rel}","templated":true}]}}