{"id":15043,"date":"2022-02-21T07:42:40","date_gmt":"2022-02-21T10:42:40","guid":{"rendered":"https:\/\/cndl.org.br\/varejosa\/?p=15043"},"modified":"2026-01-29T10:36:16","modified_gmt":"2026-01-29T13:36:16","slug":"proposta-permite-renegociacao-de-dividas-de-pequenas-empresas-com-pronampe","status":"publish","type":"post","link":"https:\/\/cndl.org.br\/varejosa\/proposta-permite-renegociacao-de-dividas-de-pequenas-empresas-com-pronampe\/","title":{"rendered":"Proposta permite renegocia\u00e7\u00e3o de d\u00edvidas de pequenas empresas com Pronampe"},"content":{"rendered":"\n<p>O Projeto de Lei 4415\/21 autoriza a Uni\u00e3o a renegociar os empr\u00e9stimos contratados at\u00e9 30 de outubro de 2021 por empresas no \u00e2mbito do Programa Nacional de Apoio \u00e0s Microempresas e Empresas de Pequeno Porte (Pronampe). O texto tramita na C\u00e2mara dos Deputados.<\/p>\n\n\n\n<p>Pela proposta, os cr\u00e9ditos contratados ter\u00e3o prazo de pagamento estendido em at\u00e9 48 meses, a crit\u00e9rio do tomador, e taxa de juros anual m\u00e1xima de 6% ao ano, a ser aplicada sobre o saldo devedor apurado pelo banco emprestador quando da renegocia\u00e7\u00e3o.<\/p>\n\n\n\n<p>O texto \u00e9 do deputado Efraim Filho (DEM-PB) e altera a lei que criou o programa de cr\u00e9dito. Ele argumenta que a recente eleva\u00e7\u00e3o da taxa de juros Selic, decretada pelo Banco Central para combater a infla\u00e7\u00e3o, afeta as empresas de menor porte, que perdem vendas e t\u00eam a d\u00edvida elevada.<\/p>\n\n\n\n<p>\u201cDiante disso, e tendo em vista a continuidade dos efeitos perversos da pandemia na economia, urge possibilitarmos a renegocia\u00e7\u00e3o, sob pena de vermos um aumento significativo da inadimpl\u00eancia e o fechamento de in\u00fameros estabelecimentos, com consequente elimina\u00e7\u00e3o de postos de trabalho\u201d, disse Efraim Filho.<\/p>\n\n\n\n<p>Iniciativa do Congresso Nacional, o Pronampe \u00e9 uma linha de cr\u00e9dito subsidiada para microempresas e empresas de pequeno porte. As opera\u00e7\u00f5es podem ser utilizadas para investimento e capital de giro.<\/p>\n\n\n\n<p><strong>Tramita\u00e7\u00e3o<\/strong><br>O projeto ser\u00e1 analisado em car\u00e1ter conclusivo pelas comiss\u00f5es de Desenvolvimento Econ\u00f4mico, Ind\u00fastria, Com\u00e9rcio e Servi\u00e7os; Finan\u00e7as e Tributa\u00e7\u00e3o; e Constitui\u00e7\u00e3o e Justi\u00e7a e de Cidadania.<\/p>\n\n\n\n<p>Fonte: Ag\u00eancia C\u00e2mara de Not\u00edcias<\/p>\n","protected":false},"excerpt":{"rendered":"<p>Empr\u00e9stimos ter\u00e3o prazo de pagamento estendido em at\u00e9 48 meses e taxa de juros m\u00e1xima de 6% ao ano<\/p>\n","protected":false},"author":13,"featured_media":15044,"comment_status":"open","ping_status":"open","sticky":false,"template":"","format":"standard","meta":{"footnotes":""},"categories":[5891],"tags":[524,349,271,257,386,353],"class_list":["post-15043","post","type-post","status-publish","format-standard","has-post-thumbnail","hentry","category-empreendedorismo","tag-microempresas","tag-pequenas-empresas","tag-pronampe","tag-receita-federal","tag-renegociacao","tag-tributos"],"_links":{"self":[{"href":"https:\/\/cndl.org.br\/varejosa\/wp-json\/wp\/v2\/posts\/15043","targetHints":{"allow":["GET"]}}],"collection":[{"href":"https:\/\/cndl.org.br\/varejosa\/wp-json\/wp\/v2\/posts"}],"about":[{"href":"https:\/\/cndl.org.br\/varejosa\/wp-json\/wp\/v2\/types\/post"}],"author":[{"embeddable":true,"href":"https:\/\/cndl.org.br\/varejosa\/wp-json\/wp\/v2\/users\/13"}],"replies":[{"embeddable":true,"href":"https:\/\/cndl.org.br\/varejosa\/wp-json\/wp\/v2\/comments?post=15043"}],"version-history":[{"count":0,"href":"https:\/\/cndl.org.br\/varejosa\/wp-json\/wp\/v2\/posts\/15043\/revisions"}],"wp:featuredmedia":[{"embeddable":true,"href":"https:\/\/cndl.org.br\/varejosa\/wp-json\/wp\/v2\/media\/15044"}],"wp:attachment":[{"href":"https:\/\/cndl.org.br\/varejosa\/wp-json\/wp\/v2\/media?parent=15043"}],"wp:term":[{"taxonomy":"category","embeddable":true,"href":"https:\/\/cndl.org.br\/varejosa\/wp-json\/wp\/v2\/categories?post=15043"},{"taxonomy":"post_tag","embeddable":true,"href":"https:\/\/cndl.org.br\/varejosa\/wp-json\/wp\/v2\/tags?post=15043"}],"curies":[{"name":"wp","href":"https:\/\/api.w.org\/{rel}","templated":true}]}}