{"id":15076,"date":"2022-02-24T08:38:00","date_gmt":"2022-02-24T11:38:00","guid":{"rendered":"https:\/\/cndl.org.br\/varejosasa\/?p=15076"},"modified":"2024-02-04T13:25:38","modified_gmt":"2024-02-04T16:25:38","slug":"arrecadacao-federal-cresce-183-em-janeiro-e-e-recorde-para-o-mes","status":"publish","type":"post","link":"https:\/\/cndl.org.br\/varejosa\/arrecadacao-federal-cresce-183-em-janeiro-e-e-recorde-para-o-mes\/","title":{"rendered":"Arrecada\u00e7\u00e3o federal cresce 18,3% em janeiro e \u00e9 recorde para o m\u00eas"},"content":{"rendered":"\n<p>A arrecada\u00e7\u00e3o federal somou R$ 235,3 bilh\u00f5es de reais, com uma alta real de 18,3% sobre o mesmo m\u00eas do ano passado, informou a Receita Federal nesta quarta-feira.<\/p>\n\n\n\n<p>Segundo o Fisco, foi o melhor desempenho para o m\u00eas desde o in\u00edcio da s\u00e9rie corrigida pela infla\u00e7\u00e3o, em 1995.<\/p>\n\n\n\n<p>As receitas administradas pela Receita Federal, que abrangem impostos e contribui\u00e7\u00f5es, cresceram 14,7% no m\u00eas na compara\u00e7\u00e3o anual, para R$ 217,421 bilh\u00f5es.<\/p>\n\n\n\n<p>O desempenho foi impactado por pagamentos at\u00edpicos de impostos recolhidos pelas empresas, e pelo fato de, no ano passado, ter havido um diferimento de quotas do Imposto de Renda da Pessoa F\u00edsica. Sem esses fatores, a arrecada\u00e7\u00e3o tribut\u00e1ria teria aumentado 9,2%.<\/p>\n\n\n\n<p>J\u00e1 as receitas administradas por outros \u00f3rg\u00e3o, que incluem royalties, cresceram 92,5%, a 17,9 bilh\u00f5es de reais, refletindo os ganhos com o aumento dos pre\u00e7os das commodities em reais.<\/p>\n\n\n\n<p><em>Fonte: InfoMoney<\/em><\/p>\n","protected":false},"excerpt":{"rendered":"<p>A arrecada\u00e7\u00e3o federal somou R$ 235,3 bilh\u00f5es de reais, com uma alta real de 18,3% sobre o mesmo m\u00eas do ano passado, informou a Receita Federal nesta quarta-feira.<\/p>\n","protected":false},"author":7,"featured_media":14996,"comment_status":"open","ping_status":"open","sticky":false,"template":"","format":"standard","meta":{"footnotes":""},"categories":[26],"tags":[817,341,818,257],"class_list":["post-15076","post","type-post","status-publish","format-standard","has-post-thumbnail","hentry","category-negocios-e-economia","tag-arrecadacao","tag-economia","tag-fisco","tag-receita-federal"],"_links":{"self":[{"href":"https:\/\/cndl.org.br\/varejosa\/wp-json\/wp\/v2\/posts\/15076","targetHints":{"allow":["GET"]}}],"collection":[{"href":"https:\/\/cndl.org.br\/varejosa\/wp-json\/wp\/v2\/posts"}],"about":[{"href":"https:\/\/cndl.org.br\/varejosa\/wp-json\/wp\/v2\/types\/post"}],"author":[{"embeddable":true,"href":"https:\/\/cndl.org.br\/varejosa\/wp-json\/wp\/v2\/users\/7"}],"replies":[{"embeddable":true,"href":"https:\/\/cndl.org.br\/varejosa\/wp-json\/wp\/v2\/comments?post=15076"}],"version-history":[{"count":0,"href":"https:\/\/cndl.org.br\/varejosa\/wp-json\/wp\/v2\/posts\/15076\/revisions"}],"wp:featuredmedia":[{"embeddable":true,"href":"https:\/\/cndl.org.br\/varejosa\/wp-json\/wp\/v2\/media\/14996"}],"wp:attachment":[{"href":"https:\/\/cndl.org.br\/varejosa\/wp-json\/wp\/v2\/media?parent=15076"}],"wp:term":[{"taxonomy":"category","embeddable":true,"href":"https:\/\/cndl.org.br\/varejosa\/wp-json\/wp\/v2\/categories?post=15076"},{"taxonomy":"post_tag","embeddable":true,"href":"https:\/\/cndl.org.br\/varejosa\/wp-json\/wp\/v2\/tags?post=15076"}],"curies":[{"name":"wp","href":"https:\/\/api.w.org\/{rel}","templated":true}]}}