{"id":15167,"date":"2022-03-08T09:12:21","date_gmt":"2022-03-08T12:12:21","guid":{"rendered":"https:\/\/cndl.org.br\/varejosa\/?p=15167"},"modified":"2026-01-29T10:36:11","modified_gmt":"2026-01-29T13:36:11","slug":"varejo-brasileiro-inaugurou-mais-de-200-mil-lojas-em-2021","status":"publish","type":"post","link":"https:\/\/cndl.org.br\/varejosa\/varejo-brasileiro-inaugurou-mais-de-200-mil-lojas-em-2021\/","title":{"rendered":"Varejo brasileiro inaugurou mais de 200 mil lojas em 2021"},"content":{"rendered":"\n<p>O setor de varejo abriu 204 mil novas lojas no Brasil ao longo de 2021. O n\u00famero foi divulgado pela Confedera\u00e7\u00e3o Nacional do Com\u00e9rcio de Bens, Servi\u00e7os e Turismo (CNC) na \u00faltima segunda-feira (7).<\/p>\n\n\n\n<p>O resultado leva o pa\u00eds a alcan\u00e7ar o melhor avan\u00e7o anual do setor desde 2018.<\/p>\n\n\n\n<p>Um estudo da entidade, com base em dados do Cadastro Nacional de Pessoas Jur\u00eddicas (CNPJ), concluiu que o com\u00e9rcio varejista fechou o ano com acr\u00e9scimo de 4,5%.<\/p>\n\n\n\n<p>Dessa forma, o resultado compensou a retra\u00e7\u00e3o de 1,4% registrada em 2020, ano marcado pela decreta\u00e7\u00e3o da pandemia da Covid-19, por parte da Organiza\u00e7\u00e3o Mundial da Sa\u00fade (OMS).<\/p>\n\n\n\n<p>A entidade ressalta que o maior destaque neste per\u00edodo foram os pequenos neg\u00f3cios.<\/p>\n\n\n\n<p>Mais de 92% do total de com\u00e9rcios abertos foram microempresas e estabelecimentos comerciais de pequeno porte.<\/p>\n\n\n\n<p>Os dois modelos de neg\u00f3cio tiveram, respectivamente, um aumento de 158,2 mil e 29,9 mil companhias.<\/p>\n\n\n\n<p>Na an\u00e1lise regional, os melhores desempenhos ficaram com S\u00e3o Paulo (55,7 mil), Minas Gerais (18,3 mil), Paran\u00e1 (15,1 mil) e Rio de Janeiro (14,1 mil). Juntos, esses quatro estados concentraram mais da metade das lojas abertas no ano passado.<\/p>\n\n\n\n<p>Presidente da CNC, Jos\u00e9 Roberto Tadros, ressalta que 2021 foi um momento de recupera\u00e7\u00e3o para o ramo.<\/p>\n\n\n\n<p>\u201cA flexibiliza\u00e7\u00e3o das restri\u00e7\u00f5es impostas ao varejo em diversos estados e munic\u00edpios, especialmente ap\u00f3s o fim da segunda onda da pandemia, e o avan\u00e7o da vacina\u00e7\u00e3o, contribu\u00edram para a tend\u00eancia de aumento da circula\u00e7\u00e3o de consumidores e, certamente, estimulou o movimento de reabertura de estabelecimentos comerciais\u201d, pondera.<\/p>\n\n\n\n<p>J\u00e1 o respons\u00e1vel pelo estudo, F\u00e1bio Bentes, chama a aten\u00e7\u00e3o para os desafios do ramo em 2022, mesmo com os sinais de recupera\u00e7\u00e3o apresentados na \u00faltima avalia\u00e7\u00e3o.<\/p>\n\n\n\n<p>\u201cAo contr\u00e1rio de 2020, quando o setor esteve sujeito a diversas medidas restritivas para tentar conter o agravamento da crise sanit\u00e1ria, os maiores obst\u00e1culos \u00e0 retomada mais vigorosa do n\u00edvel de atividade do com\u00e9rcio se concentraram na deteriora\u00e7\u00e3o das condi\u00e7\u00f5es econ\u00f4micas\u201d, destaca o economista da CNC.<\/p>\n\n\n\n<p><em>Fonte: CNN Brasil<\/em><\/p>\n","protected":false},"excerpt":{"rendered":"<p>O setor de varejo abriu 204 mil novas lojas no Brasil ao longo de 2021. O n\u00famero foi divulgado pela Confedera\u00e7\u00e3o Nacional do Com\u00e9rcio de Bens, Servi\u00e7os e Turismo (CNC) na \u00faltima segunda-feira (7).<\/p>\n","protected":false},"author":7,"featured_media":15171,"comment_status":"open","ping_status":"open","sticky":false,"template":"","format":"standard","meta":{"footnotes":""},"categories":[5891],"tags":[311,247,484,3070,249],"class_list":["post-15167","post","type-post","status-publish","format-standard","has-post-thumbnail","hentry","category-empreendedorismo","tag-cnc","tag-comercio","tag-comercio-varejista","tag-lojas","tag-varejo"],"_links":{"self":[{"href":"https:\/\/cndl.org.br\/varejosa\/wp-json\/wp\/v2\/posts\/15167","targetHints":{"allow":["GET"]}}],"collection":[{"href":"https:\/\/cndl.org.br\/varejosa\/wp-json\/wp\/v2\/posts"}],"about":[{"href":"https:\/\/cndl.org.br\/varejosa\/wp-json\/wp\/v2\/types\/post"}],"author":[{"embeddable":true,"href":"https:\/\/cndl.org.br\/varejosa\/wp-json\/wp\/v2\/users\/7"}],"replies":[{"embeddable":true,"href":"https:\/\/cndl.org.br\/varejosa\/wp-json\/wp\/v2\/comments?post=15167"}],"version-history":[{"count":0,"href":"https:\/\/cndl.org.br\/varejosa\/wp-json\/wp\/v2\/posts\/15167\/revisions"}],"wp:featuredmedia":[{"embeddable":true,"href":"https:\/\/cndl.org.br\/varejosa\/wp-json\/wp\/v2\/media\/15171"}],"wp:attachment":[{"href":"https:\/\/cndl.org.br\/varejosa\/wp-json\/wp\/v2\/media?parent=15167"}],"wp:term":[{"taxonomy":"category","embeddable":true,"href":"https:\/\/cndl.org.br\/varejosa\/wp-json\/wp\/v2\/categories?post=15167"},{"taxonomy":"post_tag","embeddable":true,"href":"https:\/\/cndl.org.br\/varejosa\/wp-json\/wp\/v2\/tags?post=15167"}],"curies":[{"name":"wp","href":"https:\/\/api.w.org\/{rel}","templated":true}]}}