{"id":15337,"date":"2022-03-21T11:47:39","date_gmt":"2022-03-21T14:47:39","guid":{"rendered":"https:\/\/cndl.org.br\/varejosasa\/?p=15337"},"modified":"2024-02-04T13:26:01","modified_gmt":"2024-02-04T16:26:01","slug":"varejo-volta-a-crescer-apos-seis-meses-mas-situacao-e-de-cautela","status":"publish","type":"post","link":"https:\/\/cndl.org.br\/varejosa\/varejo-volta-a-crescer-apos-seis-meses-mas-situacao-e-de-cautela\/","title":{"rendered":"Varejo volta a crescer ap\u00f3s seis meses, mas situa\u00e7\u00e3o \u00e9 de cautela"},"content":{"rendered":"\n<p class=\"has-text-align-center\"><em>Segundo analista do Sebrae o aumento dos combust\u00edveis pode impactar fortemente o resultado de diversos setores do com\u00e9rcio<\/em><\/p>\n\n\n\n<p>O segmento do com\u00e9rcio varejista voltou a registrar crescimento no \u00faltimo m\u00eas de janeiro, ap\u00f3s uma sequ\u00eancia de seis meses de estagna\u00e7\u00e3o. Segundo a Pesquisa Mensal de Com\u00e9rcio (PMC), divulgada pelo Instituto Brasileiro de Geografia e Estat\u00edstica (IBGE), o setor verificou um avan\u00e7o de 0,8%. Apesar de positivo, o resultado n\u00e3o foi suficiente para recuperar as perdas acumuladas na pandemia e encontra-se 0,8% abaixo do patamar registrado em fevereiro de 2020.<\/p>\n\n\n\n<p>Para o analista de Competitividade do Sebrae, Fl\u00e1vio Petry, as atividades que puxaram os resultados positivamente foram os setores de equipamentos e material para escrit\u00f3rio inform\u00e1tica e comunica\u00e7\u00e3o (0,3%), Artigos farmac\u00eauticos, m\u00e9dicos, ortop\u00e9dicos e de perfumaria (3,8%), e de outros artigos de uso pessoal e dom\u00e9stico (9,4%). No espectro oposto ficaram as atividades de hiper e supermercados que apresentaram recuo de 0,1%. Tamb\u00e9m apresentaram perdas os setores de Tecidos, vestu\u00e1rio e cal\u00e7ados (-3,9%); Livros, jornais, revistas e papelaria (-2,0%); M\u00f3veis e eletrodom\u00e9sticos (-0,6%); Combust\u00edveis e lubrificantes (-0,4%).<\/p>\n\n\n\n<p>Segundo o analista, para avaliar as perspectivas para o segmento no curto e m\u00e9dio prazo \u00e9 importante levar em considera\u00e7\u00e3o alguns aspectos importantes. Um deles \u00e9 a sinaliza\u00e7\u00e3o dada pelo IPCA &#8211; \u00cdndice Nacional de Pre\u00e7os ao Consumidor Amplo, principal indicador de infla\u00e7\u00e3o medido pelo pr\u00f3prio IBGE. No mesmo per\u00edodo de refer\u00eancia do estudo da PMC, ou seja, janeiro x dezembro, houve um acr\u00e9scimo de 0,54%, sendo que as categorias que lideraram o avan\u00e7o deste \u00edndice foram Artigos de Resid\u00eancia (1,82%), Alimenta\u00e7\u00e3o e bebidas (1,11%), Vestu\u00e1rio (1,07%) e Comunica\u00e7\u00e3o (1,05%). \u201cPercebe-se que a infla\u00e7\u00e3o de determinadas categorias acaba pressionando diretamente no seu desempenho\u201d, comenta Petry.<\/p>\n\n\n\n<p>Outra m\u00e9trica que auxilia na compreens\u00e3o do contexto em que o com\u00e9rcio est\u00e1 inserido \u00e9 o \u00cdndice de Confian\u00e7a do Com\u00e9rcio (ICOM) do Instituto Brasileiro de Economia da FGV (FGV IBRE). No \u00faltimo levantamento do Instituto, houve uma eleva\u00e7\u00e3o de 2,1 pontos em fevereiro, ao passar de 84,9 para 87,0 pontos, primeira alta depois de tr\u00eas meses de quedas consecutivas. Em m\u00e9dias m\u00f3veis trimestrais o indicador cedeu 0,3 ponto, a sexta queda consecutiva. \u201cIsso demonstra um otimismo ponderado por parte dos empres\u00e1rios do setor. Se por um lado h\u00e1 uma boa perspectiva de recupera\u00e7\u00e3o com a flexibiliza\u00e7\u00e3o do funcionamento das atividades que haviam sido mais pressionadas pelas consequ\u00eancias da pandemia, por outro lado, quando se trata de algumas vari\u00e1veis que podem impactar significativamente toda cadeia, o varejo se demonstra extremamente vol\u00e1til\u201d, comenta o analista do Sebrae. \u201cEste \u00e9 o caso dos poss\u00edveis impactos que o aumento do custo dos combust\u00edveis pode acarretar no pre\u00e7o final dos produtos, consequentemente pressionando infla\u00e7\u00e3o e influenciando nos resultados de vendas\u201d, acrescenta.<\/p>\n\n\n\n<p>Ainda de acordo com Fl\u00e1vio Petry, considerando que o principal modal log\u00edstico utilizado para a distribui\u00e7\u00e3o de bens no pa\u00eds \u00e9 o terrestre, que depende quase que exclusivamente dos combust\u00edveis derivados do petr\u00f3leo, a expectativa \u00e9 que diversos segmentos venham a ser impactados. \u201cEssa situa\u00e7\u00e3o abre uma oportunidade para o fortalecimento das vendas locais que ainda possuem estoque em um primeiro momento. Todavia, com o giro dos estoques, h\u00e1 uma tend\u00eancia de corre\u00e7\u00e3o dos valores de modo a repassar parte dos custos direto ao consumidor final\u201d, acrescenta. \u201cPara estar mais bem preparado, o comerciante pode considerar a elabora\u00e7\u00e3o de estrat\u00e9gias que passam desde a revis\u00e3o da estrutura de custo, \u00e0 avalia\u00e7\u00e3o e poss\u00edvel recomposi\u00e7\u00e3o do seu mix de produtos, avalia\u00e7\u00e3o dos canais de vendas e dos servi\u00e7os agregados\u201d, conclui o analista do Sebrae.<\/p>\n\n\n\n<p><em>Fonte: Ag\u00eancia Sebrae<\/em><\/p>\n","protected":false},"excerpt":{"rendered":"<p>O segmento do com\u00e9rcio varejista voltou a registrar crescimento no \u00faltimo m\u00eas de janeiro, ap\u00f3s uma sequ\u00eancia de seis meses de estagna\u00e7\u00e3o. Segundo a Pesquisa Mensal de Com\u00e9rcio (PMC), divulgada pelo Instituto Brasileiro de Geografia e Estat\u00edstica (IBGE), o setor verificou um avan\u00e7o de 0,8%. Apesar de positivo, o resultado n\u00e3o foi suficiente para recuperar as perdas acumuladas na pandemia e encontra-se 0,8% abaixo do patamar registrado em fevereiro de 2020.<\/p>\n","protected":false},"author":11,"featured_media":14927,"comment_status":"open","ping_status":"open","sticky":false,"template":"","format":"standard","meta":{"footnotes":""},"categories":[26],"tags":[247,484,305,508,289,249],"class_list":["post-15337","post","type-post","status-publish","format-standard","has-post-thumbnail","hentry","category-negocios-e-economia","tag-comercio","tag-comercio-varejista","tag-ibge","tag-pmc","tag-sebrae","tag-varejo"],"_links":{"self":[{"href":"https:\/\/cndl.org.br\/varejosa\/wp-json\/wp\/v2\/posts\/15337","targetHints":{"allow":["GET"]}}],"collection":[{"href":"https:\/\/cndl.org.br\/varejosa\/wp-json\/wp\/v2\/posts"}],"about":[{"href":"https:\/\/cndl.org.br\/varejosa\/wp-json\/wp\/v2\/types\/post"}],"author":[{"embeddable":true,"href":"https:\/\/cndl.org.br\/varejosa\/wp-json\/wp\/v2\/users\/11"}],"replies":[{"embeddable":true,"href":"https:\/\/cndl.org.br\/varejosa\/wp-json\/wp\/v2\/comments?post=15337"}],"version-history":[{"count":0,"href":"https:\/\/cndl.org.br\/varejosa\/wp-json\/wp\/v2\/posts\/15337\/revisions"}],"wp:featuredmedia":[{"embeddable":true,"href":"https:\/\/cndl.org.br\/varejosa\/wp-json\/wp\/v2\/media\/14927"}],"wp:attachment":[{"href":"https:\/\/cndl.org.br\/varejosa\/wp-json\/wp\/v2\/media?parent=15337"}],"wp:term":[{"taxonomy":"category","embeddable":true,"href":"https:\/\/cndl.org.br\/varejosa\/wp-json\/wp\/v2\/categories?post=15337"},{"taxonomy":"post_tag","embeddable":true,"href":"https:\/\/cndl.org.br\/varejosa\/wp-json\/wp\/v2\/tags?post=15337"}],"curies":[{"name":"wp","href":"https:\/\/api.w.org\/{rel}","templated":true}]}}