{"id":15534,"date":"2022-04-06T08:58:51","date_gmt":"2022-04-06T11:58:51","guid":{"rendered":"https:\/\/cndl.org.br\/varejosa\/?p=15534"},"modified":"2024-02-04T15:05:29","modified_gmt":"2024-02-04T18:05:29","slug":"empresa-que-fabrica-birutas-registra-salto-de-crescimento-com-o-brasil-mais","status":"publish","type":"post","link":"https:\/\/cndl.org.br\/varejosa\/empresa-que-fabrica-birutas-registra-salto-de-crescimento-com-o-brasil-mais\/","title":{"rendered":"Empresa que fabrica birutas registra salto de crescimento com o Brasil Mais"},"content":{"rendered":"\n<p>A pandemia retardou o sonho de muitos empres\u00e1rios de aumentar o faturamento do neg\u00f3cio ou, at\u00e9 mesmo, chegou a comprometer sua sobreviv\u00eancia no mercado. Mas, para Amanda Gon\u00e7alves Fontes, diretora executiva da Aeroind Comercial, microempresa que comercializa equipamentos de seguran\u00e7a que indicam a dire\u00e7\u00e3o dos ventos \u2013 tamb\u00e9m conhecidos como birutas \u2013, o \u00faltimo ano foi de crescimento. O empreendimento da grande S\u00e3o Paulo participou do programa \u201cBrasil Mais\u201d e, com as melhorias implementadas ao longo de 2021, registrou um salto de 306% na produtividade e uma alta de 26% no faturamento.<\/p>\n\n\n\n<p>Formada em Administra\u00e7\u00e3o de Empresas, Amanda conta que conheceu o programa em mar\u00e7o do ano passado e recebeu visitas de um Agente Local de Inova\u00e7\u00e3o (ALI) do Sebrae. Em um primeiro diagn\u00f3stico, foram identificados problemas em quest\u00f5es financeiras, de fluxo de caixa e capital de giro, bem como aus\u00eancia de sistema, precifica\u00e7\u00e3o e falta de organiza\u00e7\u00e3o nos setores.<\/p>\n\n\n\n<p>\u201cNossas maiores mudan\u00e7as aconteceram quando definimos que a maior dor era a organiza\u00e7\u00e3o da empresa. Assim, conseguimos visualizar tudo o que precisava ser feito. Reunimos toda a equipe e come\u00e7amos a mudar h\u00e1bitos de trabalho, desenvolver o pr\u00f3prio sistema e mapear os n\u00fameros e melhorias com tabelas, feedbacks, reuni\u00f5es e treinamentos\u201d, relata a empres\u00e1ria. Segundo ela, apesar de complexas, as transforma\u00e7\u00f5es foram de f\u00e1cil engajamento.<\/p>\n\n\n\n<p>A jornada de Amanda, assim como a de todos os participantes do programa \u201cBrasil Mais\u201d, come\u00e7a com um atendimento personalizado do ALI, que faz um raio-X da situa\u00e7\u00e3o do empreendimento. Al\u00e9m do apoio individualizado desse profissional, os empreendedores contam tamb\u00e9m com consultorias especializadas e gratuitas do Sebrae.<\/p>\n\n\n\n<p>Al\u00e9m dos ganhos na qualidade t\u00e9cnica, a s\u00f3cia da Aeroind conta que o agente ajudou a equipe a recuperar o amor pela empresa. \u201cA gente n\u00e3o tinha mais vis\u00e3o de neg\u00f3cio. Conforme o tempo foi passando, deixamos isso de lado. Depois do projeto, essa vis\u00e3o de apaixonados, que a gente desenvolveu durante o programa, tornou-se algo habitual e di\u00e1rio para n\u00f3s.\u201d<\/p>\n\n\n\n<p><strong>Brasil Mais<\/strong><br>As inscri\u00e7\u00f5es para o novo ciclo do \u201cBrasil Mais\u201d seguem at\u00e9 10 de abril. S\u00e3o 20 mil vagas e neg\u00f3cios de qualquer segmento podem participar, basta se inscrever no link <a href=\"http:\/\/www.gov.br\/brasilmais\" target=\"_blank\" rel=\"noreferrer noopener\">www.gov.br\/brasilmais<\/a>.O programa \u00e9 uma parceria entre Sebrae, Minist\u00e9rio da Economia, Servi\u00e7o Nacional de Aprendizagem Industrial (SENAI) e Ag\u00eancia Brasileira de Desenvolvimento Industrial (ABDI).<\/p>\n","protected":false},"excerpt":{"rendered":"<p>Os n\u00fameros da Aeroind impressionam: alta de 306% na produtividade e 26% no faturamento. Resultado \u00e9 decorrente de melhorias sugeridas durante o programa.<\/p>\n","protected":false},"author":11,"featured_media":15535,"comment_status":"open","ping_status":"open","sticky":false,"template":"","format":"standard","meta":{"footnotes":""},"categories":[51],"tags":[2949,2950,2951,2952,389,630],"class_list":["post-15534","post","type-post","status-publish","format-standard","has-post-thumbnail","hentry","category-inovacao","tag-aeroind-comercial","tag-agente-local-de-inovacao","tag-brasil-mais","tag-gestao-estrategica","tag-gestao-financeira","tag-inovacao"],"_links":{"self":[{"href":"https:\/\/cndl.org.br\/varejosa\/wp-json\/wp\/v2\/posts\/15534","targetHints":{"allow":["GET"]}}],"collection":[{"href":"https:\/\/cndl.org.br\/varejosa\/wp-json\/wp\/v2\/posts"}],"about":[{"href":"https:\/\/cndl.org.br\/varejosa\/wp-json\/wp\/v2\/types\/post"}],"author":[{"embeddable":true,"href":"https:\/\/cndl.org.br\/varejosa\/wp-json\/wp\/v2\/users\/11"}],"replies":[{"embeddable":true,"href":"https:\/\/cndl.org.br\/varejosa\/wp-json\/wp\/v2\/comments?post=15534"}],"version-history":[{"count":0,"href":"https:\/\/cndl.org.br\/varejosa\/wp-json\/wp\/v2\/posts\/15534\/revisions"}],"wp:featuredmedia":[{"embeddable":true,"href":"https:\/\/cndl.org.br\/varejosa\/wp-json\/wp\/v2\/media\/15535"}],"wp:attachment":[{"href":"https:\/\/cndl.org.br\/varejosa\/wp-json\/wp\/v2\/media?parent=15534"}],"wp:term":[{"taxonomy":"category","embeddable":true,"href":"https:\/\/cndl.org.br\/varejosa\/wp-json\/wp\/v2\/categories?post=15534"},{"taxonomy":"post_tag","embeddable":true,"href":"https:\/\/cndl.org.br\/varejosa\/wp-json\/wp\/v2\/tags?post=15534"}],"curies":[{"name":"wp","href":"https:\/\/api.w.org\/{rel}","templated":true}]}}