{"id":15566,"date":"2022-04-08T09:25:57","date_gmt":"2022-04-08T12:25:57","guid":{"rendered":"https:\/\/cndl.org.br\/varejosasa\/?p=15566"},"modified":"2024-02-04T13:26:01","modified_gmt":"2024-02-04T16:26:01","slug":"governo-pode-usar-excesso-de-arrecadacao-para-corrigir-tabela-do-ir","status":"publish","type":"post","link":"https:\/\/cndl.org.br\/varejosa\/governo-pode-usar-excesso-de-arrecadacao-para-corrigir-tabela-do-ir\/","title":{"rendered":"Governo pode usar excesso de arrecada\u00e7\u00e3o para corrigir tabela do IR"},"content":{"rendered":"\n<p>Pelo menos uma parte do excesso de arrecada\u00e7\u00e3o decorrente da recupera\u00e7\u00e3o da economia poder\u00e1 ser usado para corrigir da tabela do Imposto de Renda Pessoa F\u00edsica, disse hoje (7) o ministro da Economia, Paulo Guedes. Em evento promovido pelo banco Bradesco, ele tamb\u00e9m prometeu uma nova redu\u00e7\u00e3o do Imposto de Importa\u00e7\u00e3o.<\/p>\n\n\n\n<p>\u201cConversamos se corrigimos a tabela do IR agora ou deixamos para primeira a\u00e7\u00e3o de novo governo. N\u00e3o queremos usar toda a alta de arrecada\u00e7\u00e3o de uma vez. Vamos devolver apenas parte para n\u00e3o corrermos riscos fiscais\u201d, declarou o ministro durante a confer\u00eancia virtual.<\/p>\n\n\n\n<p>De acordo com o ministro, a equipe econ\u00f4mica tamb\u00e9m gostaria de usar a melhoria da arrecada\u00e7\u00e3o para financiar a renegocia\u00e7\u00e3o de d\u00edvidas do Simples Nacional e a isen\u00e7\u00e3o para investidores estrangeiros. Ele, no entanto, disse que a altera\u00e7\u00e3o de medidas econ\u00f4micas pela ala pol\u00edtica do governo nem sempre viabilizam essas medidas.<\/p>\n\n\n\n<p>\u201cFicam com a parte boa das medidas e retiram a parte ruim, que \u00e9 a fonte de recursos. Com isso, acabamos tendo que vetar medidas por bater cabe\u00e7a no governo\u201d, explicou Guedes.<\/p>\n\n\n\n<p><strong>IPI<\/strong><br>Em rela\u00e7\u00e3o \u00e0 desonera\u00e7\u00e3o das importa\u00e7\u00f5es, o ministro disse que o governo pretende promover uma nova rodada de redu\u00e7\u00e3o de 10% no Imposto de Importa\u00e7\u00e3o, mas ressaltou que a medida depende de acordo para o corte adicional que far\u00e1 o desconto no Imposto sobre Produtos Industrializados (IPI) aumentar de 25% para 33%.<\/p>\n\n\n\n<p>Segundo o ministro, 12 produtos devem ser contemplados com a redu\u00e7\u00e3o das tarifas de importa\u00e7\u00e3o. \u201cVamos abrir a economia respeitando nosso parque industrial. Se o outro governo for social democrata, ele que aumente os impostos. Para o pr\u00f3ximo mandato, a prioridade \u00e9 a reforma tribut\u00e1ria no primeiro dia de trabalho\u201d, explicou.<\/p>\n\n\n\n<p>No in\u00edcio do m\u00eas, o governo prorrogou, por 30 dias, o corte de 25% no IPI. De acordo com Guedes, a equipe econ\u00f4mica queria elevar a redu\u00e7\u00e3o para 33%, mas a medida foi travada porque os governadores n\u00e3o concordaram em reduzir o Imposto sobre a Circula\u00e7\u00e3o de Mercadorias e Servi\u00e7os (ICMS) sobre o diesel.<\/p>\n\n\n\n<p>\u201cOs governadores n\u00e3o reduziram o ICMS do diesel, como se comprometeram a reduzir. Zeramos o imposto do diesel do nosso lado e os governadores n\u00e3o fizeram do lado deles\u201d, afirmou.<\/p>\n\n\n\n<p><strong>Greves<\/strong><br>Em rela\u00e7\u00e3o \u00e0s press\u00f5es do funcionalismo federal por aumentos salariais, Guedes disse que a ideia \u00e9 populista. Segundo ele, a concess\u00e3o de qualquer reajuste num momento em que o pa\u00eds ainda se recupera da crise econ\u00f4mica gerada pela pandemia de covid-19 trar\u00e1 mais custos para as gera\u00e7\u00f5es futuras.<\/p>\n\n\n\n<p>\u201cSe come\u00e7ar a dar reajuste para todo mundo, estamos empurrando o custo para filhos e netos\u201d, declarou. Na avalia\u00e7\u00e3o do ministro, a reposi\u00e7\u00e3o das perdas da infla\u00e7\u00e3o n\u00e3o pode ser feita neste momento porque o \u201cmundo viveu uma guerra\u201d contra o novo coronav\u00edrus.<\/p>\n","protected":false},"excerpt":{"rendered":"<p>De acordo com o ministro, a equipe econ\u00f4mica tamb\u00e9m gostaria de usar a melhoria da arrecada\u00e7\u00e3o para financiar a renegocia\u00e7\u00e3o de d\u00edvidas do Simples Nacional e a isen\u00e7\u00e3o para investidores estrangeiros.<\/p>\n","protected":false},"author":9,"featured_media":15567,"comment_status":"open","ping_status":"open","sticky":false,"template":"","format":"standard","meta":{"footnotes":""},"categories":[26],"tags":[],"class_list":["post-15566","post","type-post","status-publish","format-standard","has-post-thumbnail","hentry","category-negocios-e-economia"],"_links":{"self":[{"href":"https:\/\/cndl.org.br\/varejosa\/wp-json\/wp\/v2\/posts\/15566","targetHints":{"allow":["GET"]}}],"collection":[{"href":"https:\/\/cndl.org.br\/varejosa\/wp-json\/wp\/v2\/posts"}],"about":[{"href":"https:\/\/cndl.org.br\/varejosa\/wp-json\/wp\/v2\/types\/post"}],"author":[{"embeddable":true,"href":"https:\/\/cndl.org.br\/varejosa\/wp-json\/wp\/v2\/users\/9"}],"replies":[{"embeddable":true,"href":"https:\/\/cndl.org.br\/varejosa\/wp-json\/wp\/v2\/comments?post=15566"}],"version-history":[{"count":0,"href":"https:\/\/cndl.org.br\/varejosa\/wp-json\/wp\/v2\/posts\/15566\/revisions"}],"wp:featuredmedia":[{"embeddable":true,"href":"https:\/\/cndl.org.br\/varejosa\/wp-json\/wp\/v2\/media\/15567"}],"wp:attachment":[{"href":"https:\/\/cndl.org.br\/varejosa\/wp-json\/wp\/v2\/media?parent=15566"}],"wp:term":[{"taxonomy":"category","embeddable":true,"href":"https:\/\/cndl.org.br\/varejosa\/wp-json\/wp\/v2\/categories?post=15566"},{"taxonomy":"post_tag","embeddable":true,"href":"https:\/\/cndl.org.br\/varejosa\/wp-json\/wp\/v2\/tags?post=15566"}],"curies":[{"name":"wp","href":"https:\/\/api.w.org\/{rel}","templated":true}]}}