{"id":15585,"date":"2022-04-12T08:23:32","date_gmt":"2022-04-12T11:23:32","guid":{"rendered":"https:\/\/cndl.org.br\/varejosa\/?p=15585"},"modified":"2026-01-29T10:28:17","modified_gmt":"2026-01-29T13:28:17","slug":"camara-pode-votar-proposta-que-institui-aumento-extraordinario-para-auxilio-brasil","status":"publish","type":"post","link":"https:\/\/cndl.org.br\/varejosa\/camara-pode-votar-proposta-que-institui-aumento-extraordinario-para-auxilio-brasil\/","title":{"rendered":"C\u00e2mara pode votar proposta que institui aumento extraordin\u00e1rio para Aux\u00edlio Brasil"},"content":{"rendered":"\n<p>Para 2023 n\u00e3o h\u00e1 previs\u00e3o de pagamento do benef\u00edcio extraordin\u00e1rio junto com o recebido por meio do programa Aux\u00edlio Brasil, cuja m\u00e9dia est\u00e1 em torno de R$ 224.<\/p>\n\n\n\n<p>Segundo o governo, o total gasto em dezembro de 2021 foi de cerca de R$ 2,67 bilh\u00f5es e o estimado para 2022 ser\u00e1 proporcional a esse m\u00eas, resultando em cerca de R$ 32,04 bilh\u00f5es para os doze meses.<\/p>\n\n\n\n<p>O benef\u00edcio extraordin\u00e1rio ser\u00e1 calculado a partir da soma dos benef\u00edcios financeiros do Aux\u00edlio Brasil para fam\u00edlias em situa\u00e7\u00e3o de pobreza ou de extrema pobreza, ter\u00e1 car\u00e1ter provis\u00f3rio e n\u00e3o se integrar\u00e1 ao conjunto de benef\u00edcios criados pela Lei 14.284\/21<\/p>\n\n\n\n<p><strong>Escolas particulares<\/strong><br>Com a Medida Provis\u00f3ria 1075\/21 poder\u00e3o ser mudadas regras do Programa Universidade para Todos (Prouni) para permitir a oferta de bolsas pelas faculdades privadas participantes a alunos vindos de escolas particulares sem bolsa.<\/p>\n\n\n\n<p>O Prouni foi criado em 2005 e prev\u00ea a oferta de bolsas de estudos para estudantes de gradua\u00e7\u00e3o em faculdades privadas em troca da isen\u00e7\u00e3o de tributos (IRPJ, CSLL e PIS\/Cofins).<\/p>\n\n\n\n<p>Atualmente, o p\u00fablico-alvo s\u00e3o estudantes que tenham cursado o ensino m\u00e9dio todo em escola p\u00fablica ou com bolsa integral em institui\u00e7\u00e3o privada. A regra de renda continua a mesma: bolsa integral para quem tem renda familiar mensal per capita de at\u00e9 1,5 sal\u00e1rio m\u00ednimo e bolsa parcial para aqueles com renda de at\u00e9 tr\u00eas sal\u00e1rios.<\/p>\n\n\n\n<p>A mudan\u00e7a no Prouni valer\u00e1 a partir de julho de 2022 e estabelece uma nova ordem de classifica\u00e7\u00e3o para a distribui\u00e7\u00e3o das bolsas, mantendo a prioridade para os egressos do ensino p\u00fablico.<\/p>\n\n\n\n<p><strong>Banda larga<\/strong><br>J\u00e1 a MP 1077\/21 cria o Programa Internet Brasil para promover o acesso gratuito \u00e0 internet em banda larga m\u00f3vel aos alunos da educa\u00e7\u00e3o b\u00e1sica da rede p\u00fablica de ensino pertencentes a fam\u00edlias inscritas no Cadastro \u00danico para Programas Sociais do Governo Federal (Cad\u00danico).<\/p>\n\n\n\n<p>Esse acesso dever\u00e1 ser garantido pela distribui\u00e7\u00e3o de chip, pacote de dados ou dispositivo de acesso aos alunos, principalmente celulares. O acesso gratuito \u00e0 internet poder\u00e1 ser concedido a mais de um aluno por fam\u00edlia.<\/p>\n\n\n\n<p>O programa ser\u00e1 implementado e coordenado pelo Minist\u00e9rio das Comunica\u00e7\u00f5es, que poder\u00e1 utilizar os servi\u00e7os de organiza\u00e7\u00f5es da sociedade civil. A implanta\u00e7\u00e3o ocorrer\u00e1 de forma gradual, dependendo da disponibilidade de recursos, dos requisitos t\u00e9cnicos para a oferta do servi\u00e7o e de outras disposi\u00e7\u00f5es estabelecidas pelo minist\u00e9rio.<\/p>\n\n\n\n<p>O Minist\u00e9rio da Educa\u00e7\u00e3o ajudar\u00e1 a pasta na gest\u00e3o, no monitoramento e na avalia\u00e7\u00e3o do programa.<\/p>\n\n\n\n<p><strong>Associa\u00e7\u00f5es de munic\u00edpios<\/strong><br>Entre os projetos pautados, os deputados podem votar o PL\u00a04576\/21, do Senado, que regulamenta o funcionamento das associa\u00e7\u00f5es de munic\u00edpios, permitindo a elas representarem seus associados perante a Justi\u00e7a e outros organismos em assuntos de interesse comum.<\/p>\n\n\n\n<p>Segundo o texto, oficialmente ela ser\u00e1 conhecida como associa\u00e7\u00e3o de representa\u00e7\u00e3o de munic\u00edpios, podendo o Distrito Federal participar tamb\u00e9m. Atualmente, essas associa\u00e7\u00f5es j\u00e1 existem, como a Confedera\u00e7\u00e3o Nacional de Munic\u00edpios (CNM), mas por falta de previs\u00e3o legal elas t\u00eam dificuldades de representar seus munic\u00edpios confederados em diversas inst\u00e2ncias.<\/p>\n\n\n\n<p>O projeto especifica que essas associa\u00e7\u00f5es poder\u00e3o atuar em assuntos de car\u00e1ter pol\u00edtico-representativo, t\u00e9cnico, cient\u00edfico, educacional, cultural e social. Elas dever\u00e3o se organizar para fins n\u00e3o econ\u00f4micos, n\u00e3o poder\u00e3o gerenciar servi\u00e7os p\u00fablicos (objeto de cons\u00f3rcios p\u00fablicos) ou realizar atua\u00e7\u00e3o pol\u00edtico-partid\u00e1ria e religiosa ou mesmo pagar qualquer remunera\u00e7\u00e3o aos seus dirigentes, exceto verbas de natureza indenizat\u00f3ria, como di\u00e1rias. As associa\u00e7\u00f5es de munic\u00edpios atualmente existentes dever\u00e3o se adaptar \u00e0s novas regras dentro de dois anos da entrada em vigor da futura lei.<\/p>\n\n\n\n<p><strong>Pronampe<\/strong><br>O Plen\u00e1rio poder votar ainda o PL\u00a03188\/21, do Senado, que altera as regras do Programa Nacional de Apoio \u00e0s Microempresas e Empresas de Pequeno Porte (Pronampe) para adiar at\u00e9 2025 o in\u00edcio da devolu\u00e7\u00e3o ao Tesouro Nacional de recursos destinados ao Fundo de Garantia de Opera\u00e7\u00f5es (FGO), ampliando a continuidade do programa at\u00e9 2024.<\/p>\n\n\n\n<p><em>Fonte: Ag\u00eancia C\u00e2mara de Not\u00edcias<\/em><\/p>\n","protected":false},"excerpt":{"rendered":"<p>Em sess\u00e3o marcada para \u00e0s 13h55 desta ter\u00e7a-feira (12), a C\u00e2mara dos Deputados pode votar a Medida Provis\u00f3ria (MP) 1076\/21, que institui um benef\u00edcio extraordin\u00e1rio para complementar o valor do Aux\u00edlio Brasil at\u00e9 chegar a R$ 400 por fam\u00edlia. Inicialmente editada para o m\u00eas de dezembro de 2021, a MP dependia da aprova\u00e7\u00e3o pelo Congresso da PEC dos Precat\u00f3rios para que o pagamento desse adicional pudesse ser estendido ao ano de 2022. Com a transforma\u00e7\u00e3o da PEC na Emenda Constitucional 114, o Decreto 10.919\/21 prorrogou o pagamento do benef\u00edcio de janeiro a dezembro de 2022.<\/p>\n","protected":false},"author":13,"featured_media":15587,"comment_status":"open","ping_status":"open","sticky":false,"template":"","format":"standard","meta":{"footnotes":""},"categories":[5891],"tags":[659,420,3955,271],"class_list":["post-15585","post","type-post","status-publish","format-standard","has-post-thumbnail","hentry","category-empreendedorismo","tag-auxilio-brasil","tag-camara-dos-deputados","tag-mp-1076-21","tag-pronampe"],"_links":{"self":[{"href":"https:\/\/cndl.org.br\/varejosa\/wp-json\/wp\/v2\/posts\/15585","targetHints":{"allow":["GET"]}}],"collection":[{"href":"https:\/\/cndl.org.br\/varejosa\/wp-json\/wp\/v2\/posts"}],"about":[{"href":"https:\/\/cndl.org.br\/varejosa\/wp-json\/wp\/v2\/types\/post"}],"author":[{"embeddable":true,"href":"https:\/\/cndl.org.br\/varejosa\/wp-json\/wp\/v2\/users\/13"}],"replies":[{"embeddable":true,"href":"https:\/\/cndl.org.br\/varejosa\/wp-json\/wp\/v2\/comments?post=15585"}],"version-history":[{"count":0,"href":"https:\/\/cndl.org.br\/varejosa\/wp-json\/wp\/v2\/posts\/15585\/revisions"}],"wp:featuredmedia":[{"embeddable":true,"href":"https:\/\/cndl.org.br\/varejosa\/wp-json\/wp\/v2\/media\/15587"}],"wp:attachment":[{"href":"https:\/\/cndl.org.br\/varejosa\/wp-json\/wp\/v2\/media?parent=15585"}],"wp:term":[{"taxonomy":"category","embeddable":true,"href":"https:\/\/cndl.org.br\/varejosa\/wp-json\/wp\/v2\/categories?post=15585"},{"taxonomy":"post_tag","embeddable":true,"href":"https:\/\/cndl.org.br\/varejosa\/wp-json\/wp\/v2\/tags?post=15585"}],"curies":[{"name":"wp","href":"https:\/\/api.w.org\/{rel}","templated":true}]}}