{"id":15684,"date":"2022-04-22T08:01:10","date_gmt":"2022-04-22T11:01:10","guid":{"rendered":"https:\/\/cndl.org.br\/varejosasa\/?p=15684"},"modified":"2024-02-04T13:26:01","modified_gmt":"2024-02-04T16:26:01","slug":"comercio-tem-o-segundo-mes-consecutivo-de-crescimento-das-vendas","status":"publish","type":"post","link":"https:\/\/cndl.org.br\/varejosa\/comercio-tem-o-segundo-mes-consecutivo-de-crescimento-das-vendas\/","title":{"rendered":"Com\u00e9rcio tem o segundo m\u00eas consecutivo de crescimento das vendas"},"content":{"rendered":"\n<p><em>Subida dos pre\u00e7os ganha for\u00e7a e infla\u00e7\u00e3o acumula alta de 11,3%<\/em><\/p>\n\n\n\n<p>A Confedera\u00e7\u00e3o Nacional dos Dirigentes Lojistas (CNDL) divulgou, esta semana, a edi\u00e7\u00e3o de Abril\/22 do Panorama do Com\u00e9rcio. Segundo o relat\u00f3rio, o grande destaque do notici\u00e1rio econ\u00f4mico dos \u00faltimos dias foi o resultado da infla\u00e7\u00e3o. Com alta de 1,62% na compara\u00e7\u00e3o entre mar\u00e7o de 2022 e fevereiro, o n\u00edvel de pre\u00e7os da economia apresentou o maior crescimento para o m\u00eas de mar\u00e7o desde o Plano Real. No acumulado de 12 meses, o \u00edndice oficial de infla\u00e7\u00e3o, o IPCA, registrou alta de 11,3%. Esses n\u00fameros refletem o conflito no leste europeu, que elevou o pre\u00e7o de commodities e afetou os demais pre\u00e7os da economia.<\/p>\n\n\n\n<p>Ainda n\u00e3o \u00e9 poss\u00edvel avaliar o impacto da alta mais recente dos pre\u00e7os sobre as vendas do com\u00e9rcio. Isso porque os dados sobre o desempenho do setor s\u00e3o divulgados com maior defasagem. No presente relat\u00f3rio, as informa\u00e7\u00f5es sobre o volume de vendas do com\u00e9rcio referem-se a fevereiro de 2022. Naquele m\u00eas, de acordo com o IBGE, o setor registrou a segunda alta mensal consecutiva no volume de vendas. O avan\u00e7o registrado pelo com\u00e9rcio varejista ampliado foi de 2,0%, na compara\u00e7\u00e3o entre fevereiro e janeiro de 2022. A partir da pr\u00f3xima divulga\u00e7\u00e3o, ser\u00e1 poss\u00edvel avaliar o impacto da acelera\u00e7\u00e3o mais recente dos pre\u00e7os sobre os n\u00fameros de vendas.<\/p>\n\n\n\n<p><a href=\"https:\/\/d335luupugsy2.cloudfront.net\/cms%2Ffiles%2F227307%2F1650306509Panorama_do_Comrcio.pdf\" target=\"_blank\" rel=\"noreferrer noopener\">Baixe o relat\u00f3rio<\/a> e confira todos os dados econ\u00f4micos de interesse do setor.<\/p>\n","protected":false},"excerpt":{"rendered":"<p>A edi\u00e7\u00e3o de Abril\/22 do Panorama do Com\u00e9rcio traz os destaques do notici\u00e1rio econ\u00f4mico <\/p>\n","protected":false},"author":7,"featured_media":15685,"comment_status":"open","ping_status":"open","sticky":false,"template":"","format":"standard","meta":{"footnotes":""},"categories":[26],"tags":[279,341,855,250],"class_list":["post-15684","post","type-post","status-publish","format-standard","has-post-thumbnail","hentry","category-negocios-e-economia","tag-cndl","tag-economia","tag-panorama-do-comercio","tag-vendas"],"_links":{"self":[{"href":"https:\/\/cndl.org.br\/varejosa\/wp-json\/wp\/v2\/posts\/15684","targetHints":{"allow":["GET"]}}],"collection":[{"href":"https:\/\/cndl.org.br\/varejosa\/wp-json\/wp\/v2\/posts"}],"about":[{"href":"https:\/\/cndl.org.br\/varejosa\/wp-json\/wp\/v2\/types\/post"}],"author":[{"embeddable":true,"href":"https:\/\/cndl.org.br\/varejosa\/wp-json\/wp\/v2\/users\/7"}],"replies":[{"embeddable":true,"href":"https:\/\/cndl.org.br\/varejosa\/wp-json\/wp\/v2\/comments?post=15684"}],"version-history":[{"count":0,"href":"https:\/\/cndl.org.br\/varejosa\/wp-json\/wp\/v2\/posts\/15684\/revisions"}],"wp:featuredmedia":[{"embeddable":true,"href":"https:\/\/cndl.org.br\/varejosa\/wp-json\/wp\/v2\/media\/15685"}],"wp:attachment":[{"href":"https:\/\/cndl.org.br\/varejosa\/wp-json\/wp\/v2\/media?parent=15684"}],"wp:term":[{"taxonomy":"category","embeddable":true,"href":"https:\/\/cndl.org.br\/varejosa\/wp-json\/wp\/v2\/categories?post=15684"},{"taxonomy":"post_tag","embeddable":true,"href":"https:\/\/cndl.org.br\/varejosa\/wp-json\/wp\/v2\/tags?post=15684"}],"curies":[{"name":"wp","href":"https:\/\/api.w.org\/{rel}","templated":true}]}}