{"id":15735,"date":"2022-04-29T11:49:42","date_gmt":"2022-04-29T14:49:42","guid":{"rendered":"https:\/\/cndl.org.br\/varejosa\/?p=15735"},"modified":"2024-02-04T15:50:47","modified_gmt":"2024-02-04T18:50:47","slug":"expectativa-de-vendas-para-o-dia-das-maes-aumenta-no-comercio","status":"publish","type":"post","link":"https:\/\/cndl.org.br\/varejosa\/expectativa-de-vendas-para-o-dia-das-maes-aumenta-no-comercio\/","title":{"rendered":"Expectativa de vendas para o Dia das M\u00e3es aumenta no com\u00e9rcio"},"content":{"rendered":"\n<p>O Dia das M\u00e3es, comemorado no pr\u00f3ximo dia 8 de maio, \u00e9 a segunda data de maior movimenta\u00e7\u00e3o no varejo, perdendo apenas para o Natal. Neste ano, com o arrefecimento da pandemia, a expectativa \u00e9 que as vendas sejam ampliadas, por conta do retorno dos consumidores \u00e0s compras presenciais. Donos de micro e pequenos neg\u00f3cios de todos os segmentos podem aproveitar a oportunidade para lan\u00e7ar promo\u00e7\u00f5es, parcerias e demais a\u00e7\u00f5es que ampliem os resultados.<\/p>\n\n\n\n<p>De acordo com o gerente de relacionamento com o cliente do Sebrae, Enio Pinto, as datas comemorativas s\u00e3o tradicionalmente uma oportunidade para inovar. Segundo ele, o ineditismo pode se apresentar de diversas formas, n\u00e3o necessariamente com um novo produto. \u201cO cliente compra atrav\u00e9s de todos os seus sentidos. Ent\u00e3o, o aspecto visual da loja, m\u00fasica, ambiente, a possibilidade de acessar, tocar o produto, tudo isso \u00e9 levado em conta. E sempre que poss\u00edvel, pre\u00e7os diferenciados\u201d, diz.<\/p>\n\n\n\n<p><em>Ou\u00e7a reportagem da R\u00e1dio Web e confira dicas do gerente Executivo da CNDL para vender no Dia das M\u00e3es 2022:<\/em><\/p>\n\n\n\n<figure class=\"wp-block-audio\"><audio controls src=\"https:\/\/cndl.org.br\/varejosa\/wp-content\/uploads\/2022\/04\/220428152539Bol_Fiori_DicasLojistas.mp3\"><\/audio><\/figure>\n\n\n\n<p>Outro benef\u00edcio das datas comemorativas, como o Dia das M\u00e3es, \u00e9 a possibilidade de lan\u00e7ar combos e promo\u00e7\u00f5es atrav\u00e9s de parcerias com neg\u00f3cios convergentes para o mesmo p\u00fablico. \u201cOs com\u00e9rcios que est\u00e3o bem-sucedidos hoje s\u00e3o aqueles que procuram, al\u00e9m de atender \u00e0s necessidades do cliente, surpreend\u00ea-los na realiza\u00e7\u00e3o de seus sonhos. O empreendedor deve ter em mente que d\u00e1 para ir al\u00e9m\u201d, recomenda Enio. \u201cUma pessoa que vai comprar um presente, uma joia, um acess\u00f3rio de moda, por exemplo, pode receber um vale ou um est\u00edmulo qualquer para um jantar, flores, cesta de caf\u00e9 da manh\u00e3. \u00c9 o famoso cross selling, com parceiros externos\u201d, exemplifica o gerente.<\/p>\n\n\n\n<p>Enio Pinto orienta que a equipe de vendas tamb\u00e9m precisa estar envolvida com esses preparativos, sendo motivada a se engajar nas a\u00e7\u00f5es e incentivar os clientes. \u201c\u00c9 necess\u00e1rio o envolvimento de todo o time com a proposta daquele calend\u00e1rio promocional de vendas. Se poss\u00edvel, que tenham comiss\u00f5es diferenciadas para o momento\u201d, completa.<\/p>\n\n\n\n<p><strong>Expectativas positivas<\/strong><br>A empres\u00e1ria Mohara Cristina est\u00e1 com expectativas positivas para as vendas no Dia das M\u00e3es esse ano. \u00c0 frente da loja de roupas femininas MB Showroom, no Instagram como @mbbymoa, ela conta que apostar\u00e1 no cross selling interno, ou seja, vai presentear clientes que consumirem um determinado valor em produtos. \u201cSe o filho ou filha comprar a partir de R$ 400 em pe\u00e7as de roupas para a m\u00e3e, leva uma caneca personalizada ou uma bolsa feita especialmente para a data\u201d, adianta.<\/p>\n\n\n\n<p>A empreendedora refor\u00e7a que as datas comemorativas s\u00e3o sempre um convite \u00e0 fideliza\u00e7\u00e3o e encantamento do cliente. \u201cJunto com o presente podemos proporcionar outras realiza\u00e7\u00f5es e garantir as pr\u00f3ximas vendas, construindo uma conex\u00e3o com essas fam\u00edlias\u201d, observa. Mohara Cristina ainda vai preparar um caf\u00e9 da manh\u00e3 especial para as clientes que desejarem ir \u00e0 loja escolher os presentes das m\u00e3es. \u201cDe fato, qualquer compra hoje deve ser uma experi\u00eancia ao cliente. A compra na loja f\u00edsica tem esses diferenciais que o online n\u00e3o proporciona, ent\u00e3o temos que aproveitar\u201d, reflete.<\/p>\n\n\n\n<p><strong>Aprendizados com a pandemia<\/strong><br>Para Enio Pinto, as pessoas tamb\u00e9m precisam estar atentas aos aprendizados que a pandemia deixou. Investindo nos cuidados com a sa\u00fade dos seus colaboradores e clientes. \u201cHoje o cliente est\u00e1 muito preocupado com a quest\u00e3o da higiene dos ambientes, higiene das equipes de venda, cuidados nos processos produtivos e manipula\u00e7\u00e3o de produtos e servi\u00e7os\u201d, afirma.<\/p>\n\n\n\n<p>O investimento em amplos canais de vendas, f\u00edsicos e digitais, \u00e9 outro \u201clegado que a pandemia deixou. \u201cVoc\u00ea deve ter a venda presencial no ponto de contato f\u00edsico, mas se voc\u00ea tiver canais de vendas digitais far\u00e1 muita diferen\u00e7a. O cliente mais do que nunca hoje \u00e9 soberano e est\u00e1 empoderado. Se no seu neg\u00f3cio ele tem a op\u00e7\u00e3o de comprar tanto online como presencialmente, ponto para voc\u00ea!\u201d, destaca.<\/p>\n","protected":false},"excerpt":{"rendered":"<p>Especialista do Sebrae aponta principais oportunidades do per\u00edodo para potencializar as vendas e fidelizar clientes.<\/p>\n","protected":false},"author":11,"featured_media":15737,"comment_status":"open","ping_status":"open","sticky":false,"template":"","format":"standard","meta":{"footnotes":""},"categories":[1836],"tags":[292,3457,1840,1918,3070,249,250],"class_list":["post-15735","post","type-post","status-publish","format-standard","has-post-thumbnail","hentry","category-marketing-e-vendas","tag-consumo","tag-cross-selling","tag-datas-comemorativas","tag-dia-das-maes","tag-lojas","tag-varejo","tag-vendas"],"_links":{"self":[{"href":"https:\/\/cndl.org.br\/varejosa\/wp-json\/wp\/v2\/posts\/15735","targetHints":{"allow":["GET"]}}],"collection":[{"href":"https:\/\/cndl.org.br\/varejosa\/wp-json\/wp\/v2\/posts"}],"about":[{"href":"https:\/\/cndl.org.br\/varejosa\/wp-json\/wp\/v2\/types\/post"}],"author":[{"embeddable":true,"href":"https:\/\/cndl.org.br\/varejosa\/wp-json\/wp\/v2\/users\/11"}],"replies":[{"embeddable":true,"href":"https:\/\/cndl.org.br\/varejosa\/wp-json\/wp\/v2\/comments?post=15735"}],"version-history":[{"count":0,"href":"https:\/\/cndl.org.br\/varejosa\/wp-json\/wp\/v2\/posts\/15735\/revisions"}],"wp:featuredmedia":[{"embeddable":true,"href":"https:\/\/cndl.org.br\/varejosa\/wp-json\/wp\/v2\/media\/15737"}],"wp:attachment":[{"href":"https:\/\/cndl.org.br\/varejosa\/wp-json\/wp\/v2\/media?parent=15735"}],"wp:term":[{"taxonomy":"category","embeddable":true,"href":"https:\/\/cndl.org.br\/varejosa\/wp-json\/wp\/v2\/categories?post=15735"},{"taxonomy":"post_tag","embeddable":true,"href":"https:\/\/cndl.org.br\/varejosa\/wp-json\/wp\/v2\/tags?post=15735"}],"curies":[{"name":"wp","href":"https:\/\/api.w.org\/{rel}","templated":true}]}}