{"id":15741,"date":"2022-05-02T09:15:34","date_gmt":"2022-05-02T12:15:34","guid":{"rendered":"https:\/\/cndl.org.br\/varejosa\/?p=15741"},"modified":"2026-01-29T10:28:07","modified_gmt":"2026-01-29T13:28:07","slug":"medida-provisoria-aumenta-contribuicao-sobre-o-lucro-liquido-de-bancos-em-2022","status":"publish","type":"post","link":"https:\/\/cndl.org.br\/varejosa\/medida-provisoria-aumenta-contribuicao-sobre-o-lucro-liquido-de-bancos-em-2022\/","title":{"rendered":"Medida provis\u00f3ria aumenta contribui\u00e7\u00e3o sobre o lucro l\u00edquido de bancos em 2022"},"content":{"rendered":"\n<p><em>O aumento vai vigorar at\u00e9 o final do ano e a cobran\u00e7a ser\u00e1 iniciada ap\u00f3s 90 dias<\/em><\/p>\n\n\n\n<p>A Medida Provis\u00f3ria 1115\/22, editada pelo Poder Executivo, aumenta em um ponto percentual a al\u00edquota da Contribui\u00e7\u00e3o Social sobre o Lucro L\u00edquido (CSLL) de institui\u00e7\u00f5es financeiras (como bancos e corretoras de c\u00e2mbio), companhias de seguro e de capitaliza\u00e7\u00e3o.<\/p>\n\n\n\n<p>Os bancos v\u00e3o recolher 21% de CSLL, em vez dos 20% at\u00e9 ent\u00e3o em vigor. As demais institui\u00e7\u00f5es, v\u00e3o recolher 16%, e n\u00e3o mais 15%.<\/p>\n\n\n\n<p>Pelo texto, o aumento vai vigorar at\u00e9 o final do ano e a cobran\u00e7a ser\u00e1 iniciada ap\u00f3s 90 dias (a partir de 1\u00ba de agosto), conforme o per\u00edodo da noventena determinado pela Constitui\u00e7\u00e3o.<\/p>\n\n\n\n<p>Publicada em edi\u00e7\u00e3o extra do Di\u00e1rio Oficial da Uni\u00e3o nesta quinta-feira (28), a medida provis\u00f3ria altera a Lei 7.689\/88, que instituiu a CSLL.<\/p>\n\n\n\n<p>O governo afirma que a MP tem por objetivo manter o equil\u00edbrio or\u00e7ament\u00e1rio-financeiro da Uni\u00e3o, e ir\u00e1 gerar um aumento de arrecada\u00e7\u00e3o estimado em R$ 244,1 milh\u00f5es este ano.<\/p>\n\n\n\n<p><strong>Tramita\u00e7\u00e3o<\/strong><br>A medida provis\u00f3ria ser\u00e1 analisada agora pelos plen\u00e1rios da C\u00e2mara dos Deputados e do Senado.<\/p>\n\n\n\n<p><em>Fonte: Ag\u00eancia C\u00e2mara de Not\u00edcias<\/em><\/p>\n","protected":false},"excerpt":{"rendered":"<p>O aumento vai vigorar at\u00e9 o final do ano e a cobran\u00e7a ser\u00e1 iniciada ap\u00f3s 90 dias A Medida Provis\u00f3ria 1115\/22, editada pelo Poder Executivo, [&hellip;]<\/p>\n","protected":false},"author":13,"featured_media":15742,"comment_status":"open","ping_status":"open","sticky":false,"template":"","format":"standard","meta":{"footnotes":""},"categories":[5891],"tags":[575,583,3976],"class_list":["post-15741","post","type-post","status-publish","format-standard","has-post-thumbnail","hentry","category-empreendedorismo","tag-bancos","tag-csll","tag-medida-provisoria-1115-22"],"_links":{"self":[{"href":"https:\/\/cndl.org.br\/varejosa\/wp-json\/wp\/v2\/posts\/15741","targetHints":{"allow":["GET"]}}],"collection":[{"href":"https:\/\/cndl.org.br\/varejosa\/wp-json\/wp\/v2\/posts"}],"about":[{"href":"https:\/\/cndl.org.br\/varejosa\/wp-json\/wp\/v2\/types\/post"}],"author":[{"embeddable":true,"href":"https:\/\/cndl.org.br\/varejosa\/wp-json\/wp\/v2\/users\/13"}],"replies":[{"embeddable":true,"href":"https:\/\/cndl.org.br\/varejosa\/wp-json\/wp\/v2\/comments?post=15741"}],"version-history":[{"count":0,"href":"https:\/\/cndl.org.br\/varejosa\/wp-json\/wp\/v2\/posts\/15741\/revisions"}],"wp:featuredmedia":[{"embeddable":true,"href":"https:\/\/cndl.org.br\/varejosa\/wp-json\/wp\/v2\/media\/15742"}],"wp:attachment":[{"href":"https:\/\/cndl.org.br\/varejosa\/wp-json\/wp\/v2\/media?parent=15741"}],"wp:term":[{"taxonomy":"category","embeddable":true,"href":"https:\/\/cndl.org.br\/varejosa\/wp-json\/wp\/v2\/categories?post=15741"},{"taxonomy":"post_tag","embeddable":true,"href":"https:\/\/cndl.org.br\/varejosa\/wp-json\/wp\/v2\/tags?post=15741"}],"curies":[{"name":"wp","href":"https:\/\/api.w.org\/{rel}","templated":true}]}}