{"id":15769,"date":"2022-05-04T14:44:26","date_gmt":"2022-05-04T17:44:26","guid":{"rendered":"https:\/\/cndl.org.br\/varejosa\/?p=15769"},"modified":"2024-02-04T17:05:43","modified_gmt":"2024-02-04T20:05:43","slug":"maior-encontro-do-varejo-ocorre-dias-13-e-14-em-campos-do-jordao","status":"publish","type":"post","link":"https:\/\/cndl.org.br\/varejosa\/maior-encontro-do-varejo-ocorre-dias-13-e-14-em-campos-do-jordao\/","title":{"rendered":"Maior encontro do Varejo ocorre dias 13 e 14 em Campos do Jord\u00e3o"},"content":{"rendered":"\n<div class=\"wp-block-image\"><figure class=\"alignleft size-large is-resized\"><img loading=\"lazy\" decoding=\"async\" src=\"https:\/\/cndl.org.br\/varejosa\/wp-content\/uploads\/2022\/05\/Foto-5-Cre\u0301ditos-Everton-Rosa-alta-resolucao-1024x1024.jpg\" alt=\"\" class=\"wp-image-15770\" width=\"273\" height=\"273\"\/><figcaption><em>Ricardo Amorim \u00e9 considerado pela Forbes o economista mais influente do pa\u00eds<\/em><br>(Foto: Everton Rosa)<\/figcaption><\/figure><\/div>\n\n\n\n<p>Faltam pouqu\u00edssimos dias para a <a rel=\"noreferrer noopener\" href=\"https:\/\/cndl.org.br\/convencaonacional\/\" target=\"_blank\">56\u00aa Conven\u00e7\u00e3o Nacional do Com\u00e9rcio Lojista<\/a> (CNCL), evento que ocorre em Campos do Jord\u00e3o (SP), entre os dias 12 e 15 de maio, e \u00e9 <a href=\"https:\/\/cndl.org.br\/varejosa\/as-convencoes-da-cndl-palco-de-transformacao-e-aprendizado\/\" target=\"_blank\" rel=\"noreferrer noopener\">aguardado com grande expectativa pelos membros do Sistema CNDL<\/a>. A Confedera\u00e7\u00e3o Nacional dos Dirigentes Lojistas (CNDL) e a Federa\u00e7\u00e3o das C\u00e2maras de Dirigentes Lojistas do Estado de S\u00e3o Paulo (FCDL-SP) selecionaram um time de especialistas reconhecidos no Brasil e no Exterior para mostrar como os varejistas podem usar seus prop\u00f3sitos para conquistar e fidelizar clientes e deixar sua marca na hist\u00f3ria.<\/p>\n\n\n\n<p>\u201cA Conven\u00e7\u00e3o Nacional do Com\u00e9rcio Lojista proporciona aos participantes o aumento do conhecimento e mudan\u00e7as culturais, al\u00e9m de promover o crescimento da classe, o desenvolvimento de novos neg\u00f3cios e o conv\u00edvio e a troca de experi\u00eancias\u201d, destaca Jos\u00e9 C\u00e9sar da Costa, presidente da CNDL.<\/p>\n\n\n\n<p>Na edi\u00e7\u00e3o deste ano, o autor, professor e conselheiro de empresas Carlos Alberto J\u00falio ser\u00e1 o mestre de conte\u00fado do encontro. Na pr\u00e1tica, conduzir\u00e1 a programa\u00e7\u00e3o e intermediar\u00e1 os debates entre os especialistas participantes, que ocorrer\u00e3o nos dias 13 e 14 deste m\u00eas, no Campos do Jord\u00e3o Convention Center.<\/p>\n\n\n\n<figure class=\"wp-block-embed-spotify wp-block-embed is-type-rich is-provider-spotify wp-embed-aspect-21-9 wp-has-aspect-ratio\"><div class=\"wp-block-embed__wrapper\">\n<iframe title=\"Spotify Embed: #33: Especial 56\u00aa CNCL - Mudan\u00e7as culturais que impactam o varejo, com Carlos Alberto Julio\" style=\"border-radius: 12px\" width=\"100%\" height=\"152\" frameborder=\"0\" allowfullscreen allow=\"autoplay; clipboard-write; encrypted-media; fullscreen; picture-in-picture\" loading=\"lazy\" src=\"https:\/\/open.spotify.com\/embed\/episode\/1oeB0cMO1Z9crT1xBLg5Yj?si=JxXIrv43RlmdlKTBUayLSA&#038;utm_source=oembed\"><\/iframe>\n<\/div><\/figure>\n\n\n\n<div class=\"wp-block-image\"><figure class=\"alignright size-large is-resized\"><img loading=\"lazy\" decoding=\"async\" src=\"https:\/\/cndl.org.br\/varejosa\/wp-content\/uploads\/2022\/04\/Lisiane-1-683x1024.jpg\" alt=\"\" class=\"wp-image-15691\" width=\"237\" height=\"355\"\/><figcaption><em>Lisiane Lemos estar\u00e1 na 56\u00aa CNCL (Foto: Divulga\u00e7\u00e3o)<\/em><\/figcaption><\/figure><\/div>\n\n\n\n<p>Tamb\u00e9m estar\u00e3o presentes Ricardo Amorim, o economista mais influente do Brasil segundo a revista Forbes, e os autores Jos\u00e9 Salibi e Sandro Magaldi. Os dois escritores juntos publicaram sete livros sobre gest\u00e3o, inova\u00e7\u00e3o, lideran\u00e7a e vendas.<\/p>\n\n\n\n<p>Quem acompanhar a 56\u00aa CNCL ainda ter\u00e1 a oportunidade de conferir as palestras com <a href=\"https:\/\/cndl.org.br\/varejosa\/brasileiros-querem-comprar-de-empresas-com-proposito\/\" target=\"_blank\" rel=\"noreferrer noopener\">F\u00e1tima Merlin<\/a>, pesquisadora e expert em varejo, marketing e comportamento do consumidor; <a href=\"https:\/\/cndl.org.br\/varejosa\/marcas-conectadas-com-a-sociedade-se-destacam-no-mercado\/\" target=\"_blank\" rel=\"noreferrer noopener\">Samuel Normando<\/a>, publicit\u00e1rio que j\u00e1 teve seu trabalho reconhecido e premiado em Cannes; <a href=\"https:\/\/cndl.org.br\/varejosa\/a-diversidade-e-uma-alavanca-de-negocios-diz-lisiane-lemos\/\" target=\"_blank\" rel=\"noreferrer noopener\">Lisiane Lemos<\/a>, advogada considerada pela Forbes uma importante lideran\u00e7a jovem; e Kenneth Corr\u00eaa, profissional de neg\u00f3cios digitais, novas tecnologias, marketing e intelig\u00eancia corporativa.<\/p>\n\n\n\n<p><strong>Programa\u00e7\u00e3o<\/strong><br>A 56\u00aa CNCL acontecer\u00e1 de forma presencial, e a expectativa \u00e9 de reunir mais de 1500 lideran\u00e7as do Sistema. Mas o evento tamb\u00e9m ter\u00e1 transmiss\u00e3o online e ao vivo, por meio do canal oficial do canal oficial da CNDL no Youtube.<\/p>\n\n\n\n<p>As palestras ocorrer\u00e3o na sexta, 13, e no s\u00e1bado, 14, na parte da manh\u00e3. Al\u00e9m disso, ser\u00e3o realizados um coquetel de abertura e um show de encerramento, na parte da noite. Vale lembrar que somente participantes inscritos e credenciados ter\u00e3o acesso \u00e0s atividades.<\/p>\n\n\n\n<p>Confira a programa\u00e7\u00e3o completa do evento:<\/p>\n\n\n\n<p><strong>56\u00aa Conven\u00e7\u00e3o Nacional do Com\u00e9rcio Lojista<\/strong><\/p>\n\n\n\n<p><strong>12\/05 \u2013 Quinta-feira<\/strong><br><strong>Tarde &#8211;<\/strong> Check-in nos hot\u00e9is<br><strong>Das 14h \u00e0s 22h &#8211;<\/strong> Credenciamento, nos hot\u00e9is e no Campos do Jord\u00e3o Convention Center<\/p>\n\n\n\n<p><strong>13\/05 \u2013 Sexta-feira<br>Das 8h30 \u00e0s 12h30 &#8211;<\/strong> Palestras:<br>\u2022 &#8216;Prop\u00f3sito no varejo: voc\u00ea precisa achar o seu&#8217;, com F\u00e1tima Merlin e Samuel Normando<br>\u2022 &#8216;O cen\u00e1rio econ\u00f4mico no Brasil e no mundo&#8217;, com Ricardo Amorim<\/p>\n\n\n\n<p><strong>Das 19h \u00e0s 21h &#8211;<\/strong> Coquetel de abertura<\/p>\n\n\n\n<p><strong>14\/05 \u2013 S\u00e1bado<br>Das 8h30 \u00e0s 12h30 <\/strong>&#8211; Palestras:<br>\u2022 &#8216;O impacto da lideran\u00e7a e da tecnologia no varejo&#8217;, com Lisiane Lemos e Kenneth Corr\u00eaa<br>\u2022 &#8216;Prop\u00f3sito e o Novo C\u00f3digo da Cultura&#8217;, com Jos\u00e9 Salibi e Sandro Magaldi<\/p>\n\n\n\n<p><strong>22h &#8211;<\/strong> Show de encerramento.<\/p>\n\n\n\n<p><strong>15\/05 \u2013 Domingo<br>Manh\u00e3 &#8211;<\/strong> Check-out<\/p>\n\n\n\n<p><strong>Servi\u00e7o<\/strong><br>O qu\u00ea: 56\u00aa Conven\u00e7\u00e3o Nacional do Com\u00e9rcio Lojista<br>Quando: 12 a 15\/5<br>Onde: Campos do Jord\u00e3o (SP)<br>Informa\u00e7\u00f5es: <a rel=\"noreferrer noopener\" href=\"https:\/\/cndl.org.br\/convencaonacional\/\" target=\"_blank\">https:\/\/cndl.org.br\/convencaonacional\/<\/a><br>Transmiss\u00e3o ao vivo: <a rel=\"noreferrer noopener\" href=\"https:\/\/www.youtube.com\/c\/CNDLBrasil\" target=\"_blank\">https:\/\/www.youtube.com\/c\/CNDLBrasil<\/a><\/p>\n\n\n\n<p><em>*Colaborou Lu\u00eds Adolfo Barbosa.<\/em><\/p>\n","protected":false},"excerpt":{"rendered":"<p> A CNDL e aFCDL-SP selecionaram um time de especialistas reconhecidos no Brasil e no Exterior para mostrar como os varejistas podem usar seus prop\u00f3sitos para conquistar e fidelizar clientes e deixar sua marca na hist\u00f3ria.<\/p>\n","protected":false},"author":7,"featured_media":14972,"comment_status":"open","ping_status":"open","sticky":false,"template":"","format":"standard","meta":{"footnotes":""},"categories":[1371],"tags":[2959,4574,341,2431,4577,2904,574,249],"class_list":["post-15769","post","type-post","status-publish","format-standard","has-post-thumbnail","hentry","category-noticias-cndl","tag-56a-convencao-nacional-do-comercio-lojista","tag-cncl","tag-economia","tag-fcdl-sp","tag-mudancas-culturais","tag-proposito","tag-tecnologia","tag-varejo"],"_links":{"self":[{"href":"https:\/\/cndl.org.br\/varejosa\/wp-json\/wp\/v2\/posts\/15769","targetHints":{"allow":["GET"]}}],"collection":[{"href":"https:\/\/cndl.org.br\/varejosa\/wp-json\/wp\/v2\/posts"}],"about":[{"href":"https:\/\/cndl.org.br\/varejosa\/wp-json\/wp\/v2\/types\/post"}],"author":[{"embeddable":true,"href":"https:\/\/cndl.org.br\/varejosa\/wp-json\/wp\/v2\/users\/7"}],"replies":[{"embeddable":true,"href":"https:\/\/cndl.org.br\/varejosa\/wp-json\/wp\/v2\/comments?post=15769"}],"version-history":[{"count":0,"href":"https:\/\/cndl.org.br\/varejosa\/wp-json\/wp\/v2\/posts\/15769\/revisions"}],"wp:featuredmedia":[{"embeddable":true,"href":"https:\/\/cndl.org.br\/varejosa\/wp-json\/wp\/v2\/media\/14972"}],"wp:attachment":[{"href":"https:\/\/cndl.org.br\/varejosa\/wp-json\/wp\/v2\/media?parent=15769"}],"wp:term":[{"taxonomy":"category","embeddable":true,"href":"https:\/\/cndl.org.br\/varejosa\/wp-json\/wp\/v2\/categories?post=15769"},{"taxonomy":"post_tag","embeddable":true,"href":"https:\/\/cndl.org.br\/varejosa\/wp-json\/wp\/v2\/tags?post=15769"}],"curies":[{"name":"wp","href":"https:\/\/api.w.org\/{rel}","templated":true}]}}