{"id":15771,"date":"2022-05-04T15:55:14","date_gmt":"2022-05-04T18:55:14","guid":{"rendered":"https:\/\/cndl.org.br\/varejosa\/?p=15771"},"modified":"2026-01-29T10:26:17","modified_gmt":"2026-01-29T13:26:17","slug":"presidente-da-cndl-participa-de-almoco-com-bolsonaro","status":"publish","type":"post","link":"https:\/\/cndl.org.br\/varejosa\/presidente-da-cndl-participa-de-almoco-com-bolsonaro\/","title":{"rendered":"Presidente da CNDL participa de almo\u00e7o com Bolsonaro"},"content":{"rendered":"\n<p><em>O encontro se deu em evento promovido pela Frente Parlamentar Mista da Micro e Pequena Empresa<\/em><\/p>\n\n\n\n<p>O presidente da UNECS e da CNDL, Jos\u00e9 C\u00e9sar da Costa, participou de almo\u00e7o, nesta quarta-feira (4), em Bras\u00edlia, com o presidente da Rep\u00fablica, Jair Bolsonaro. O encontro foi promovido pela Frente Parlamentar Mista da Micro e Pequena Empresa, que organizou o evento para ressaltar as pautas priorit\u00e1rias do segmento de pequenos neg\u00f3cios para 2022.<\/p>\n\n\n\n<p>Jos\u00e9 C\u00e9sar Costa aproveitou a oportunidade para agradecer ao presidente pelo esfor\u00e7o que seu governo vem empregando para apoiar as pequenas empresas, em especial aquelas ligadas ao com\u00e9rcio e servi\u00e7o. O presidente da CNDL lembrou que as a\u00e7\u00f5es empreendidas durante pandemia foram fundamentais para salvar milhares de empresas.<\/p>\n\n\n\n<p>\u201cNosso setor viveu um momento dram\u00e1tico durante a pandemia. O empenho do governo em atender todas as nossas demandas possibilitou que milh\u00f5es de brasileiros n\u00e3o ficassem desempregados\u201d, disse Jos\u00e9 C\u00e9sar.<\/p>\n\n\n\n<p>Em sua fala, o presidente Bolsonaro lembrou das dificuldades que o pa\u00eds enfrentou na pandemia. Em sua fala, o presidente Bolsonaro lembrou das dificuldades que o pa\u00eds enfrentou na pandemia e destacou o apoio do seu governo \u00e0 reabertura do com\u00e9rcio e ao socorro \u00e0s popula\u00e7\u00f5es mais atingidas durante a crise sanit\u00e1ria.<\/p>\n\n\n\n<p>\u201cGastamos R$ 50 bi para ajudar a diminuir os graves problemas gerados pelo isolamento social\u201d, disse. \u201cGra\u00e7as \u00e0 parceria de voc\u00eas, que representam empresas que empregam e geram riquezas para o Brasil, conseguimos, com o Aux\u00edlio Emergencial, o Pronamp e o Bem, terminar 2021 com um saldo positivo no n\u00famero de carteiras assinadas\u201d, disse, citando as a\u00e7\u00f5es do governo.<\/p>\n\n\n\n<p>Jos\u00e9 C\u00e9sar da Costa comp\u00f4s a mesa que, al\u00e9m do presidente da Rep\u00fablica, contou com o presidente do Sebrae, Carlos Melles, o senador Jorginho Mello (PL-SC), que \u00e9 o presidente da Frente Parlamentar Mista da Micro e Pequena Empresa, o Assessor especial do Minist\u00e9rio da Economia, Guilherme Afif Domingos, a secret\u00e1ria especial de Produtividade, Emprego e Competitividade, Daniella Marques e o presidente da Caixa Econ\u00f4mica, Pedro Guimar\u00e3es.<\/p>\n\n\n\n<p>Jos\u00e9 C\u00e9sar estava acompanhado do presidente da Federa\u00e7\u00e3o da C\u00e2maras de Dirigentes Lojistas de Minas Gerais, Frank Sinatra.<\/p>\n","protected":false},"excerpt":{"rendered":"<p>O encontro se deu em evento promovido pela Frente Parlamentar Mista da Micro e Pequena Empresa<\/p>\n","protected":false},"author":5,"featured_media":15772,"comment_status":"open","ping_status":"open","sticky":false,"template":"","format":"standard","meta":{"footnotes":""},"categories":[5891],"tags":[3348,344,3937,290,3980],"class_list":["post-15771","post","type-post","status-publish","format-standard","has-post-thumbnail","hentry","category-empreendedorismo","tag-carlos-melles","tag-frente-parlamentar-da-micro-e-pequena-empresa","tag-jair-bolsonaro","tag-jose-cesar-da-costa","tag-senador-jorginho-de-mello"],"_links":{"self":[{"href":"https:\/\/cndl.org.br\/varejosa\/wp-json\/wp\/v2\/posts\/15771","targetHints":{"allow":["GET"]}}],"collection":[{"href":"https:\/\/cndl.org.br\/varejosa\/wp-json\/wp\/v2\/posts"}],"about":[{"href":"https:\/\/cndl.org.br\/varejosa\/wp-json\/wp\/v2\/types\/post"}],"author":[{"embeddable":true,"href":"https:\/\/cndl.org.br\/varejosa\/wp-json\/wp\/v2\/users\/5"}],"replies":[{"embeddable":true,"href":"https:\/\/cndl.org.br\/varejosa\/wp-json\/wp\/v2\/comments?post=15771"}],"version-history":[{"count":0,"href":"https:\/\/cndl.org.br\/varejosa\/wp-json\/wp\/v2\/posts\/15771\/revisions"}],"wp:featuredmedia":[{"embeddable":true,"href":"https:\/\/cndl.org.br\/varejosa\/wp-json\/wp\/v2\/media\/15772"}],"wp:attachment":[{"href":"https:\/\/cndl.org.br\/varejosa\/wp-json\/wp\/v2\/media?parent=15771"}],"wp:term":[{"taxonomy":"category","embeddable":true,"href":"https:\/\/cndl.org.br\/varejosa\/wp-json\/wp\/v2\/categories?post=15771"},{"taxonomy":"post_tag","embeddable":true,"href":"https:\/\/cndl.org.br\/varejosa\/wp-json\/wp\/v2\/tags?post=15771"}],"curies":[{"name":"wp","href":"https:\/\/api.w.org\/{rel}","templated":true}]}}