{"id":15843,"date":"2022-05-12T18:52:17","date_gmt":"2022-05-12T21:52:17","guid":{"rendered":"https:\/\/cndl.org.br\/varejosa\/?p=15843"},"modified":"2024-02-04T17:05:43","modified_gmt":"2024-02-04T20:05:43","slug":"economista-mais-influente-do-brasil-participa-da-56a-cncl","status":"publish","type":"post","link":"https:\/\/cndl.org.br\/varejosa\/economista-mais-influente-do-brasil-participa-da-56a-cncl\/","title":{"rendered":"Economista mais influente do Brasil participa da 56\u00aa CNCL"},"content":{"rendered":"\n<p class=\"has-text-align-center\"><em>Ricardo Amorim vai analisar o cen\u00e1rio econ\u00f4mico no maior encontro do varejo; a palestra ser\u00e1 transmitida gratuitamente pela CNDL e FCDL-SP no Youtube<\/em><\/p>\n\n\n\n<div class=\"wp-block-image\"><figure class=\"alignleft size-large is-resized\"><img loading=\"lazy\" decoding=\"async\" src=\"https:\/\/cndl.org.br\/varejosa\/wp-content\/uploads\/2022\/05\/Foto-5-Cre\u0301ditos-Everton-Rosa-alta-resolucao-1024x1024.jpg\" alt=\"\" class=\"wp-image-15770\" width=\"305\" height=\"305\"\/><figcaption><em>Ricardo Amorim: &#8220;A empresa precisa transformar dado em informa\u00e7\u00e3o valiosa, em intelig\u00eancia, para estar cada vez mais pr\u00f3xima do seu cliente&#8221;<\/em><br><em>Foto: divulga\u00e7\u00e3o<\/em><\/figcaption><\/figure><\/div>\n\n\n\n<p>O economista mais influente do Brasil, segundo a Revista Forbes, estar\u00e1 na 56\u00aa Conven\u00e7\u00e3o Nacional do Com\u00e9rcio Lojista (CNCL), que ocorre nos dias 13 e 14 de maio, no Campos do Jord\u00e3o Convention Center, em Campos do Jord\u00e3o (SP). Ricardo Amorim vai ministrar a palestra \u201cO cen\u00e1rio econ\u00f4mico no Brasil e no mundo\u201d, na manh\u00e3 desta sexta-feira (13). O painel ser\u00e1 transmitido ao vivo e gratuitamente no canal da Confedera\u00e7\u00e3o Nacional de Dirigentes Lojistas (CNDL) no Youtube.<\/p>\n\n\n\n<p>Al\u00e9m de destrinchar a economia brasileira e mundial, a expectativa \u00e9 que aponte alguns caminhos para os neg\u00f3cios aproveitarem as oportunidades do mercado no p\u00f3s-pandemia, respeitando o seu prop\u00f3sito, com foco no cliente e tirando proveito dos dados.<\/p>\n\n\n\n<p>Para Amorim, com a migra\u00e7\u00e3o dos consumidores para o mundo digital, o que gera dados que ajudam os empreendimentos a entender melhor o comportamento de clientes e tomar melhores decis\u00f5es, o ambiente de neg\u00f3cios ser\u00e1 transformado completamente nos pr\u00f3ximos 10 anos e os empreendedores precisam estar preparados para isso.<\/p>\n\n\n\n<p>\u201cHoje, a empresa precisa transformar dado em informa\u00e7\u00e3o valiosa, em intelig\u00eancia, para estar cada vez mais pr\u00f3xima do seu cliente, porque as mudan\u00e7as ser\u00e3o mais r\u00e1pidas, e junto com elas as inova\u00e7\u00f5es, que ser\u00e3o cada vez maiores\u201d, disse Ricardo Amorim, em v\u00eddeo recente postado em seu canal no Youtube.<\/p>\n\n\n\n<p><strong>Economia descomplicada<\/strong><br>Amorim \u00e9 formado em Economia, pela Universidade de S\u00e3o Paulo (USP), e tem p\u00f3s-gradua\u00e7\u00e3o em Administra\u00e7\u00e3o e Finan\u00e7as Internacionais pela \u00c9cole Sup\u00e9rieure des Sciences \u00c9conomiques et Commerciales (ESSEC) de Paris. Na bio do seu perfil no Twitter, se descreve como \u201ceconomista sem econom\u00eas e com bom humor\u201d.<\/p>\n\n\n\n<p>Ricardo tem mais de 20 anos de carreira no mercado financeiro, foi eleito pela Revista Forbes uma das 100 pessoas mais influentes do Brasil e escolhido pelo LinkedIn como o maior influenciador do pa\u00eds. &#8220;Encontrei nas redes uma forma de expor o que eu achava importante&#8221;, disse para o Projeto Upload, da CNN Brasil.<\/p>\n\n\n\n<p>\u00c9 co-fundador de duas startups \u2013 a AAA Inova\u00e7\u00e3o e a Smartrips \u2013 e criou a Mentoria Ricardo Amorim. \u00c9 ainda autor e co-autor de dois livros, respectivamente: o best seller \u2018Depois da Tempestade\u2019 e o \u2018Inclus\u00e3o social &#8211; uma utopia poss\u00edvel\u2019.<\/p>\n\n\n\n<div class=\"wp-block-image\"><figure class=\"aligncenter size-large\"><img loading=\"lazy\" decoding=\"async\" width=\"734\" height=\"222\" src=\"https:\/\/cndl.org.br\/varejosa\/wp-content\/uploads\/2022\/05\/cidade1.jpg\" alt=\"\" class=\"wp-image-15845\" srcset=\"https:\/\/cndl.org.br\/varejosa\/wp-content\/uploads\/2022\/05\/cidade1.jpg 734w, https:\/\/cndl.org.br\/varejosa\/wp-content\/uploads\/2022\/05\/cidade1-300x91.jpg 300w\" sizes=\"auto, (max-width: 734px) 100vw, 734px\" \/><figcaption><em>Bondinho hist\u00f3rico de Campos do Jord\u00e3o<br>Foto: divulga\u00e7\u00e3o\/Prefeitura<\/em><\/figcaption><\/figure><\/div>\n\n\n\n<p><strong>56\u00aa CNCL<\/strong><br>Realizada de forma phigital pela CNDL e a Federa\u00e7\u00e3o das C\u00e2maras de Dirigentes Lojistas do Estado de S\u00e3o Paulo (FCDL-SP), a 56\u00aa CNCL re\u00fane l\u00edderes e empres\u00e1rios do segmento para discutir como os neg\u00f3cios podem cuidar melhor de seus prop\u00f3sitos e usar isso em favor da longevidade e lucratividade da empresa.<\/p>\n\n\n\n<p>Nesta edi\u00e7\u00e3o, o autor, professor e conselheiro de empresas Carlos Alberto J\u00falio ser\u00e1 o mestre de conte\u00fado do encontro. Al\u00e9m de Ricardo Amorim, tamb\u00e9m realizar\u00e3o palestras: Jos\u00e9 Salibi e Sandro Magaldi, autores de sete livros sobre gest\u00e3o, inova\u00e7\u00e3o, lideran\u00e7a e vendas; F\u00e1tima Merlin, pesquisadora e expert em varejo, marketing e comportamento do consumidor; Samuel Normando, publicit\u00e1rio que j\u00e1 teve seu trabalho reconhecido e premiado em Cannes; Lisiane Lemos, advogada considerada pela Forbes uma importante lideran\u00e7a jovem; e Kenneth Corr\u00eaa, profissional de neg\u00f3cios digitais, novas tecnologias, marketing e intelig\u00eancia corporativa.<\/p>\n\n\n\n<p><strong>Servi\u00e7o<\/strong><br>O qu\u00ea: <strong>56\u00aa Conven\u00e7\u00e3o Nacional do Com\u00e9rcio Lojista<\/strong><br>Quando: 12 a 15\/5<br>Onde: Campos do Jord\u00e3o (SP)<br>Informa\u00e7\u00f5es: <a rel=\"noreferrer noopener\" href=\"https:\/\/cndl.org.br\/convencaonacional\/\" target=\"_blank\">cndl.org.br\/convencaonacional<\/a><br>Inscri\u00e7\u00e3o: <br>Transmiss\u00e3o ao vivo: <a rel=\"noreferrer noopener\" href=\"https:\/\/www.youtube.com\/c\/CNDLBrasil\" target=\"_blank\">www.youtube.com\/c\/CNDLBrasil<\/a><\/p>\n","protected":false},"excerpt":{"rendered":"<p>Ricardo Amorim vai analisar o cen\u00e1rio econ\u00f4mico no maior encontro do varejo; a palestra ser\u00e1 transmitida gratuitamente pela CNDL e FCDL-SP no Youtube.<\/p>\n","protected":false},"author":7,"featured_media":15844,"comment_status":"open","ping_status":"open","sticky":false,"template":"","format":"standard","meta":{"footnotes":""},"categories":[1371],"tags":[2959,4578,4574,341],"class_list":["post-15843","post","type-post","status-publish","format-standard","has-post-thumbnail","hentry","category-noticias-cndl","tag-56a-convencao-nacional-do-comercio-lojista","tag-analise-economica","tag-cncl","tag-economia"],"_links":{"self":[{"href":"https:\/\/cndl.org.br\/varejosa\/wp-json\/wp\/v2\/posts\/15843","targetHints":{"allow":["GET"]}}],"collection":[{"href":"https:\/\/cndl.org.br\/varejosa\/wp-json\/wp\/v2\/posts"}],"about":[{"href":"https:\/\/cndl.org.br\/varejosa\/wp-json\/wp\/v2\/types\/post"}],"author":[{"embeddable":true,"href":"https:\/\/cndl.org.br\/varejosa\/wp-json\/wp\/v2\/users\/7"}],"replies":[{"embeddable":true,"href":"https:\/\/cndl.org.br\/varejosa\/wp-json\/wp\/v2\/comments?post=15843"}],"version-history":[{"count":0,"href":"https:\/\/cndl.org.br\/varejosa\/wp-json\/wp\/v2\/posts\/15843\/revisions"}],"wp:featuredmedia":[{"embeddable":true,"href":"https:\/\/cndl.org.br\/varejosa\/wp-json\/wp\/v2\/media\/15844"}],"wp:attachment":[{"href":"https:\/\/cndl.org.br\/varejosa\/wp-json\/wp\/v2\/media?parent=15843"}],"wp:term":[{"taxonomy":"category","embeddable":true,"href":"https:\/\/cndl.org.br\/varejosa\/wp-json\/wp\/v2\/categories?post=15843"},{"taxonomy":"post_tag","embeddable":true,"href":"https:\/\/cndl.org.br\/varejosa\/wp-json\/wp\/v2\/tags?post=15843"}],"curies":[{"name":"wp","href":"https:\/\/api.w.org\/{rel}","templated":true}]}}