{"id":15861,"date":"2022-05-13T08:56:36","date_gmt":"2022-05-13T11:56:36","guid":{"rendered":"https:\/\/cndl.org.br\/varejosa\/?p=15861"},"modified":"2024-02-04T17:05:43","modified_gmt":"2024-02-04T20:05:43","slug":"56a-cncl-delegacao-de-minas-tera-mais-de-200-participantes","status":"publish","type":"post","link":"https:\/\/cndl.org.br\/varejosa\/56a-cncl-delegacao-de-minas-tera-mais-de-200-participantes\/","title":{"rendered":"56\u00aa CNCL: delega\u00e7\u00e3o de Minas ter\u00e1 mais de 200 participantes"},"content":{"rendered":"\n<p>A programa\u00e7\u00e3o da 56\u00aa Conven\u00e7\u00e3o Nacional do Com\u00e9rcio Lojista (CNCL) ter\u00e1 in\u00edcio nesta sexta (13\/05), mas durante todo o dia de hoje (12\/05) a movimenta\u00e7\u00e3o em Campos do Jord\u00e3o (SP), cidade escolhida para a realiza\u00e7\u00e3o do evento, j\u00e1 \u00e9 intensa, com a chegada dos participantes para o check-in e credenciamento. A delega\u00e7\u00e3o mineira \u00e9 uma das maiores do encontro, com mais de 200 representantes, entre membros da FCDL-MG e de 20 CDLs de Minas.<\/p>\n\n\n\n<p>Para o presidente da Federa\u00e7\u00e3o, Frank Sinatra, a volta do evento ao formato presencial, com toda seguran\u00e7a e protocolos necess\u00e1rios, traz uma dupla satisfa\u00e7\u00e3o. \u201cA primeira \u00e9 poder reencontrar pessoalmente amigos de todo o pa\u00eds, que fazem parte do Sistema,e a segunda \u00e9 ter a oportunidade de assistir um grande time de especialistas que, com certeza, trar\u00e1 temas de grande valor para o movimento varejista, al\u00e9m da troca de conhecimento, experi\u00eancia e networking\u201d, afirma.<\/p>\n\n\n\n<p><strong>Programa\u00e7\u00e3o<\/strong><br>O maior encontro do varejo \u00e9 realizado, de forma phigital, pela Confedera\u00e7\u00e3o Nacional dos Dirigentes Lojistas (CNDL) e a Federa\u00e7\u00e3o das C\u00e2maras de Dirigentes Lojistas do Estado de S\u00e3o Paulo (FCDL-SP).<\/p>\n\n\n\n<p>Nesta edi\u00e7\u00e3o \u2013 aguardada com grande expectativa pelo Sistema CNDL \u2013, o autor, professor e conselheiro de empresas Carlos Alberto J\u00falio ser\u00e1 o mestre de conte\u00fado do encontro. Nos dias 13 e 14 de maio, um time de especialistas reconhecidos no Brasil e no Exterior v\u00e3o compartilhar conhecimento e indicar os caminhos para os varejistas usarem seus prop\u00f3sitos para conquistar e fidelizar clientes e deixar sua marca na hist\u00f3ria.<\/p>\n\n\n\n<p>Tamb\u00e9m estar\u00e3o presentes Ricardo Amorim, o economista mais influente do Brasil segundo a revista Forbes; Jos\u00e9 Salibi e Sandro Magaldi, autores de sete livros sobre gest\u00e3o, inova\u00e7\u00e3o, lideran\u00e7a e vendas; F\u00e1tima Merlin, pesquisadora e expert em varejo, marketing e comportamento do consumidor; Samuel Normando, publicit\u00e1rio que j\u00e1 teve seu trabalho reconhecido e premiado em Cannes; Lisiane Lemos, advogada considerada pela Forbes uma importante lideran\u00e7a jovem; e Kenneth Corr\u00eaa, profissional de neg\u00f3cios digitais, novas tecnologias, marketing e intelig\u00eancia corporativa.<\/p>\n\n\n\n<p><em>Fonte: FCDL-MG<\/em><\/p>\n","protected":false},"excerpt":{"rendered":"<p>A programa\u00e7\u00e3o da 56\u00aa Conven\u00e7\u00e3o Nacional do Com\u00e9rcio Lojista (CNCL) ter\u00e1 in\u00edcio nesta sexta (13\/05), mas durante todo o dia de hoje (12\/05) a movimenta\u00e7\u00e3o em Campos do Jord\u00e3o (SP), cidade escolhida para a realiza\u00e7\u00e3o do evento, j\u00e1 \u00e9 intensa, com a chegada dos participantes para o check-in e credenciamento. A delega\u00e7\u00e3o mineira \u00e9 uma das maiores do encontro, com mais de 200 representantes, entre membros da FCDL-MG e de 20 CDLs de Minas.<\/p>\n","protected":false},"author":15,"featured_media":15863,"comment_status":"open","ping_status":"open","sticky":false,"template":"","format":"standard","meta":{"footnotes":""},"categories":[1371],"tags":[2959,4574,279,2630],"class_list":["post-15861","post","type-post","status-publish","format-standard","has-post-thumbnail","hentry","category-noticias-cndl","tag-56a-convencao-nacional-do-comercio-lojista","tag-cncl","tag-cndl","tag-fcdl-mg"],"_links":{"self":[{"href":"https:\/\/cndl.org.br\/varejosa\/wp-json\/wp\/v2\/posts\/15861","targetHints":{"allow":["GET"]}}],"collection":[{"href":"https:\/\/cndl.org.br\/varejosa\/wp-json\/wp\/v2\/posts"}],"about":[{"href":"https:\/\/cndl.org.br\/varejosa\/wp-json\/wp\/v2\/types\/post"}],"author":[{"embeddable":true,"href":"https:\/\/cndl.org.br\/varejosa\/wp-json\/wp\/v2\/users\/15"}],"replies":[{"embeddable":true,"href":"https:\/\/cndl.org.br\/varejosa\/wp-json\/wp\/v2\/comments?post=15861"}],"version-history":[{"count":0,"href":"https:\/\/cndl.org.br\/varejosa\/wp-json\/wp\/v2\/posts\/15861\/revisions"}],"wp:featuredmedia":[{"embeddable":true,"href":"https:\/\/cndl.org.br\/varejosa\/wp-json\/wp\/v2\/media\/15863"}],"wp:attachment":[{"href":"https:\/\/cndl.org.br\/varejosa\/wp-json\/wp\/v2\/media?parent=15861"}],"wp:term":[{"taxonomy":"category","embeddable":true,"href":"https:\/\/cndl.org.br\/varejosa\/wp-json\/wp\/v2\/categories?post=15861"},{"taxonomy":"post_tag","embeddable":true,"href":"https:\/\/cndl.org.br\/varejosa\/wp-json\/wp\/v2\/tags?post=15861"}],"curies":[{"name":"wp","href":"https:\/\/api.w.org\/{rel}","templated":true}]}}