{"id":15864,"date":"2022-05-13T09:01:42","date_gmt":"2022-05-13T12:01:42","guid":{"rendered":"https:\/\/cndl.org.br\/varejosa\/?p=15864"},"modified":"2024-02-04T17:05:43","modified_gmt":"2024-02-04T20:05:43","slug":"fcdl-go-participa-da-56a-cncl","status":"publish","type":"post","link":"https:\/\/cndl.org.br\/varejosa\/fcdl-go-participa-da-56a-cncl\/","title":{"rendered":"FCDL-GO participa da 56\u00aa CNCL"},"content":{"rendered":"\n<p>A CNDL (Confedera\u00e7\u00e3o Nacional de Dirigentes Lojistas) realiza nesta sexta-feira (13), \u00e0s 19h, encontro de empres\u00e1rios do setor de com\u00e9rcio e servi\u00e7os com integrantes do Governo Federal, no Campos do Jord\u00e3o Convention Center, em Campos do Jord\u00e3o (SP).<\/p>\n\n\n\n<p>Com participa\u00e7\u00e3o tamb\u00e9m da FCDL-GO, o encontro faz parte da programa\u00e7\u00e3o da 56\u00aa Conven\u00e7\u00e3o Nacional do Com\u00e9rcio Lojista, evento que re\u00fane empres\u00e1rios do segmento e especialistas para debaterem as principais tend\u00eancias do varejo.<\/p>\n\n\n\n<p>A comitiva da FCDL-GO, uma das maiores contando com 94 pessoas,  j\u00e1 est\u00e1 no local do evento.<\/p>\n\n\n\n<p>\u201cSer\u00e3o dias de intensa troca de experi\u00eancias, de aprendizado e de networking com entidades do movimento lojista de todo o Brasil. Esperamos voltar para Goi\u00e1s com muitos cases de sucesso para inspirar novas boas pr\u00e1ticas na Federa\u00e7\u00e3o e nas CDL\u2019s\u201d, diz o presidente da FCDL-GO, Valdir Ribeiro.<\/p>\n\n\n\n<p><em>Fonte: FCDL-GO<\/em><\/p>\n","protected":false},"excerpt":{"rendered":"<p>Com participa\u00e7\u00e3o tamb\u00e9m da FCDL-GO, o encontro faz parte da programa\u00e7\u00e3o da 56\u00aa Conven\u00e7\u00e3o Nacional do Com\u00e9rcio Lojista, evento que re\u00fane empres\u00e1rios do segmento e especialistas para debaterem as principais tend\u00eancias do varejo.<\/p>\n","protected":false},"author":3,"featured_media":15865,"comment_status":"open","ping_status":"open","sticky":false,"template":"","format":"standard","meta":{"footnotes":""},"categories":[1371],"tags":[2959,4581,4574,2692],"class_list":["post-15864","post","type-post","status-publish","format-standard","has-post-thumbnail","hentry","category-noticias-cndl","tag-56a-convencao-nacional-do-comercio-lojista","tag-campos-do-jordao","tag-cncl","tag-fcdl-go"],"_links":{"self":[{"href":"https:\/\/cndl.org.br\/varejosa\/wp-json\/wp\/v2\/posts\/15864","targetHints":{"allow":["GET"]}}],"collection":[{"href":"https:\/\/cndl.org.br\/varejosa\/wp-json\/wp\/v2\/posts"}],"about":[{"href":"https:\/\/cndl.org.br\/varejosa\/wp-json\/wp\/v2\/types\/post"}],"author":[{"embeddable":true,"href":"https:\/\/cndl.org.br\/varejosa\/wp-json\/wp\/v2\/users\/3"}],"replies":[{"embeddable":true,"href":"https:\/\/cndl.org.br\/varejosa\/wp-json\/wp\/v2\/comments?post=15864"}],"version-history":[{"count":0,"href":"https:\/\/cndl.org.br\/varejosa\/wp-json\/wp\/v2\/posts\/15864\/revisions"}],"wp:featuredmedia":[{"embeddable":true,"href":"https:\/\/cndl.org.br\/varejosa\/wp-json\/wp\/v2\/media\/15865"}],"wp:attachment":[{"href":"https:\/\/cndl.org.br\/varejosa\/wp-json\/wp\/v2\/media?parent=15864"}],"wp:term":[{"taxonomy":"category","embeddable":true,"href":"https:\/\/cndl.org.br\/varejosa\/wp-json\/wp\/v2\/categories?post=15864"},{"taxonomy":"post_tag","embeddable":true,"href":"https:\/\/cndl.org.br\/varejosa\/wp-json\/wp\/v2\/tags?post=15864"}],"curies":[{"name":"wp","href":"https:\/\/api.w.org\/{rel}","templated":true}]}}