{"id":15866,"date":"2022-05-13T09:10:37","date_gmt":"2022-05-13T12:10:37","guid":{"rendered":"https:\/\/cndl.org.br\/varejosasa\/?p=15866"},"modified":"2024-02-04T13:26:00","modified_gmt":"2024-02-04T16:26:00","slug":"consumo-nos-lares-brasileiros-cresce-259-no-trimestre","status":"publish","type":"post","link":"https:\/\/cndl.org.br\/varejosa\/consumo-nos-lares-brasileiros-cresce-259-no-trimestre\/","title":{"rendered":"Consumo nos lares brasileiros cresce 2,59% no trimestre"},"content":{"rendered":"\n<p>O consumo nos lares brasileiros aumentou 2,59% no primeiro trimestre do ano, de acordo com o \u00cdndice Nacional de Consumo dos Lares Brasileiros da Associa\u00e7\u00e3o Brasileira de Supermercados (Abras), divulgado hoje (12) pela entidade. A maior varia\u00e7\u00e3o do consumo do trimestre foi registrada em mar\u00e7o, com alta de 6,58% na compara\u00e7\u00e3o com fevereiro. Em rela\u00e7\u00e3o a mar\u00e7o de 2021, a alta \u00e9 de 2,41%.<\/p>\n\n\n\n<p>\u201cO primeiro trimestre foi marcado pela busca de lojas que operam com pre\u00e7os menores e pela compra de abastecimento concentrada nas semanas pr\u00f3ximas do recebimento do sal\u00e1rio. Por ora, troca de marca, substitui\u00e7\u00e3o de produtos, busca por embalagens de melhor custo-benef\u00edcio e por marcas pr\u00f3prias se mant\u00eam acentuadas para compor a cesta de abastecimento\u201d, explicou o vice-presidente da Abras, Marcio Milan.<\/p>\n\n\n\n<p>Segundo Milan, a pesquisa mostrou ainda que as pessoas voltaram a reduzir o consumo fora de casa, cortando sup\u00e9rfluos para fazer o abastecimento com a renda, que est\u00e1 mais restrita. Al\u00e9m disso, reduziram-se as idas aos pontos de venda, com compras mais planejadas, aproveitando o momento de recebimento do sal\u00e1rio.<\/p>\n\n\n\n<p>\u201cOs consumidores est\u00e3o buscando diversificar os canais de compra. Temos visto as compras online crescendo, porque o consumidor busca um maior benef\u00edcio. Al\u00e9m disso, buscam por embalagem com pre\u00e7o menor ou pelo desconto fam\u00edlia, troca as marcas que utiliza por outras mais baratas, raciocina melhor no momento da compra e tamb\u00e9m buscam produtos com marca pr\u00f3pria da rede.\u201d<\/p>\n\n\n\n<p>De acordo com os dados, a cesta Abrasmercado composta por 35 produtos de largo consumo acumula alta no primeiro trimestre do ano de 5,11%, na compara\u00e7\u00e3o com o mesmo per\u00edodo do ano passado. Em mar\u00e7o, a cesta registrou alta de 2,40% e passou de R$ 719,06 em fevereiro para R$ 736,34 em mar\u00e7o. Em 12 meses, a alta foi de 15,45%.<\/p>\n\n\n\n<p><strong>Press\u00e3o inflacion\u00e1ria<\/strong><br>\u201cO aumento se deve \u00e0 press\u00e3o inflacion\u00e1ria puxada pelo repasse dos custos de produ\u00e7\u00e3o na cadeia de alimentos, especialmente pelo aumento do pre\u00e7o do \u00f3leo diesel, que impacta o frete na log\u00edstica dos produtos\u201d, ressaltou a Abras.<\/p>\n\n\n\n<p>Os alimentos mais impactados pelo aumento foram o tomate (27,22%), a cebola (10,55%), o leite longa vida (9,34%), o \u00f3leo de soja (8,99%) e o ovo (7,08%). As maiores quedas foram registradas nos pre\u00e7os do pernil (-0,51%), do a\u00e7\u00facar refinado (-0,13%) e da carne traseira (-0,07%).<\/p>\n\n\n\n<p>A regi\u00e3o Sul obteve a maior varia\u00e7\u00e3o no pre\u00e7o m\u00e9dio e teve a cesta mais cara dentre todas as regi\u00f5es, com alta de 3,38%, ao passar de R$ 787,85 em fevereiro para R$ 814,48 em mar\u00e7o. A regi\u00e3o Sudeste registrou a segunda maior varia\u00e7\u00e3o no pre\u00e7o da cesta, alta de 3,16%, passando de R$ 700,00 em fevereiro para R$ 722,14 em mar\u00e7o.<\/p>\n\n\n\n<p>Nas outras regi\u00f5es, as varia\u00e7\u00f5es no pre\u00e7o da cesta em mar\u00e7o na compara\u00e7\u00e3o com fevereiro foram respectivamente: Nordeste (1,93%), Norte (1,84%), Centro-Oeste (1,58%).<\/p>\n\n\n\n<p><em>Fonte: Ag\u00eancia Brasil<\/em><\/p>\n\n\n\n<p>Foto: <\/p>\n","protected":false},"excerpt":{"rendered":"<p>O consumo nos lares brasileiros aumentou 2,59% no primeiro trimestre do ano, de acordo com o \u00cdndice Nacional de Consumo dos Lares Brasileiros da Associa\u00e7\u00e3o Brasileira de Supermercados (Abras), divulgado hoje (12) pela entidade. A maior varia\u00e7\u00e3o do consumo do trimestre foi registrada em mar\u00e7o, com alta de 6,58% na compara\u00e7\u00e3o com fevereiro. Em rela\u00e7\u00e3o a mar\u00e7o de 2021, a alta \u00e9 de 2,41%.<\/p>\n","protected":false},"author":9,"featured_media":15869,"comment_status":"open","ping_status":"open","sticky":false,"template":"","format":"standard","meta":{"footnotes":""},"categories":[26],"tags":[294,292,879,315],"class_list":["post-15866","post","type-post","status-publish","format-standard","has-post-thumbnail","hentry","category-negocios-e-economia","tag-abras","tag-consumo","tag-indice-nacional-de-consumo","tag-inflacao"],"_links":{"self":[{"href":"https:\/\/cndl.org.br\/varejosa\/wp-json\/wp\/v2\/posts\/15866","targetHints":{"allow":["GET"]}}],"collection":[{"href":"https:\/\/cndl.org.br\/varejosa\/wp-json\/wp\/v2\/posts"}],"about":[{"href":"https:\/\/cndl.org.br\/varejosa\/wp-json\/wp\/v2\/types\/post"}],"author":[{"embeddable":true,"href":"https:\/\/cndl.org.br\/varejosa\/wp-json\/wp\/v2\/users\/9"}],"replies":[{"embeddable":true,"href":"https:\/\/cndl.org.br\/varejosa\/wp-json\/wp\/v2\/comments?post=15866"}],"version-history":[{"count":0,"href":"https:\/\/cndl.org.br\/varejosa\/wp-json\/wp\/v2\/posts\/15866\/revisions"}],"wp:featuredmedia":[{"embeddable":true,"href":"https:\/\/cndl.org.br\/varejosa\/wp-json\/wp\/v2\/media\/15869"}],"wp:attachment":[{"href":"https:\/\/cndl.org.br\/varejosa\/wp-json\/wp\/v2\/media?parent=15866"}],"wp:term":[{"taxonomy":"category","embeddable":true,"href":"https:\/\/cndl.org.br\/varejosa\/wp-json\/wp\/v2\/categories?post=15866"},{"taxonomy":"post_tag","embeddable":true,"href":"https:\/\/cndl.org.br\/varejosa\/wp-json\/wp\/v2\/tags?post=15866"}],"curies":[{"name":"wp","href":"https:\/\/api.w.org\/{rel}","templated":true}]}}