{"id":16089,"date":"2022-05-23T08:31:00","date_gmt":"2022-05-23T11:31:00","guid":{"rendered":"https:\/\/cndl.org.br\/varejosa\/?p=16089"},"modified":"2024-02-04T15:05:08","modified_gmt":"2024-02-04T18:05:08","slug":"startup-day-destaca-iniciativas-sobre-bioeconomia-e-diversidade","status":"publish","type":"post","link":"https:\/\/cndl.org.br\/varejosa\/startup-day-destaca-iniciativas-sobre-bioeconomia-e-diversidade\/","title":{"rendered":"Startup Day destaca iniciativas sobre bioeconomia e diversidade"},"content":{"rendered":"\n<p class=\"has-text-align-left\">O Sebrae promoveu neste s\u00e1bado (21) o Startup Day, evento que \u00e9 um grande movimento para capacita\u00e7\u00e3o e conex\u00e3o de startups e conta com diversos agentes do ecossistema de inova\u00e7\u00e3o do pa\u00eds. Os empreendedores tiveram a chance de ampliar os seus conhecimentos e fortalecer os neg\u00f3cios por meio de palestras e a\u00e7\u00f5es em todos os estados, contabilizando mais de 80 cidades.<\/p>\n\n\n\n<p>Um dos destaques da programa\u00e7\u00e3o foi o painel sobre o Inova Biomas, programa do Sebrae que trabalha a tem\u00e1tica da bioeconomia, conduzido pela coordenadora do projeto, Valeria Schneider Vidal. \u201c A proposta \u00e9 que ao longo do tempo a a\u00e7\u00e3o se estenda para todos os biomas brasileiros. Atualmente estamos realizando o Inova Amaz\u00f4nia para fortalecer a bioeconomia na regi\u00e3o e fomentar o crescimento econ\u00f4mico com inova\u00e7\u00e3o aberta, aliado \u00e0 conserva\u00e7\u00e3o ambiental\u201d, explicou Valeria.<\/p>\n\n\n\n<p>O objetivo do Inova Biomas \u00e9 gerar renda e qualidade de vida para o empreendedor, preservando a biodiversidade brasileira. Al\u00e9m de fomentar modelos de neg\u00f3cios inovadores voltados para a preserva\u00e7\u00e3o ambiental. Na ocasi\u00e3o, ela lembrou que existem diversos caminhos para que startups com ideias inovadoras sejam aceleradas com a ajuda da iniciativa. \u201c O programa conta com capacita\u00e7\u00f5es, mentorias, eventos de conex\u00e3o com o mercado e investidores, uma oportunidade \u00fanica\u201d, concluiu<\/p>\n\n\n\n<p>Para fechar a programa\u00e7\u00e3o do dia, a cofundadora da Singu\u00ea Talita Matos trouxe um bate-papo sobre o que tem sido feito quando o assunto \u00e9 diversidade no mundo dos neg\u00f3cios. A Singu\u00ea \u00e9 uma plataforma criada h\u00e1 pouco mais de um ano que ajuda empresas a promover o desenvolvimento de programas de diversidade, equidade e inclus\u00e3o.<\/p>\n\n\n\n<p>\u201cAs empresas s\u00e3o formadas por pessoas, somos diferentes e somos diversos. Incluir tem a ver com criar ambientes para que cada ser humano possa expressar sua autenticidade\u201d, reiterou Talita ao lembrar que cada neg\u00f3cio precisa voltar o olhar para a import\u00e2ncia de levar essas quest\u00f5es em considera\u00e7\u00e3o na composi\u00e7\u00e3o das equipes de trabalho.<\/p>\n\n\n\n<p>A cientista social apresentou as reflex\u00f5es feitas durante o trabalho realizado com grandes empresas como Nubank e Netflix.\u201d Apoiamos nossos clientes a revelarem as raz\u00f5es humanas e de neg\u00f3cios que os levam \u00e0 busca por diversidade, ao fomento da inclus\u00e3o e \u00e0 promo\u00e7\u00e3o da equidade\u201d, concluiu.<\/p>\n\n\n\n<p>Nesta 8\u00aa edi\u00e7\u00e3o, o evento contou com a\u00e7\u00f5es em todos os estados e a transmiss\u00e3o virtual gratuita, das 13h40 \u00e0s 18h. Palestrantes que s\u00e3o refer\u00eancia na tem\u00e1tica de empreendedorismo e inova\u00e7\u00e3o de todo o pa\u00eds marcaram presen\u00e7a na agenda do encontro. A din\u00e2mica de constru\u00e7\u00e3o do evento foi toda realizada de forma colaborativa, privilegiando as demandas e necessidades das startups nacionais, com a participa\u00e7\u00e3o de todo o Sistema Sebrae e a comunidade de inova\u00e7\u00e3o do Brasil.<\/p>\n\n\n\n<p>Fonte: Ag\u00eancia Sebrae<\/p>\n","protected":false},"excerpt":{"rendered":"<p>O Sebrae promoveu neste s\u00e1bado (21) o Startup Day, evento que \u00e9 um grande movimento para capacita\u00e7\u00e3o e conex\u00e3o de startups e conta com diversos agentes do ecossistema de inova\u00e7\u00e3o do pa\u00eds. Os empreendedores tiveram a chance de ampliar os seus conhecimentos e fortalecer os neg\u00f3cios por meio de palestras e a\u00e7\u00f5es em todos os estados, contabilizando mais de 80 cidades.<\/p>\n","protected":false},"author":11,"featured_media":16094,"comment_status":"open","ping_status":"open","sticky":false,"template":"","format":"standard","meta":{"footnotes":""},"categories":[51],"tags":[2991,2820,445,894,2992],"class_list":["post-16089","post","type-post","status-publish","format-standard","has-post-thumbnail","hentry","category-inovacao","tag-biodiversidade","tag-bioeconomia","tag-empreendedores","tag-startups","tag-startups-day"],"_links":{"self":[{"href":"https:\/\/cndl.org.br\/varejosa\/wp-json\/wp\/v2\/posts\/16089","targetHints":{"allow":["GET"]}}],"collection":[{"href":"https:\/\/cndl.org.br\/varejosa\/wp-json\/wp\/v2\/posts"}],"about":[{"href":"https:\/\/cndl.org.br\/varejosa\/wp-json\/wp\/v2\/types\/post"}],"author":[{"embeddable":true,"href":"https:\/\/cndl.org.br\/varejosa\/wp-json\/wp\/v2\/users\/11"}],"replies":[{"embeddable":true,"href":"https:\/\/cndl.org.br\/varejosa\/wp-json\/wp\/v2\/comments?post=16089"}],"version-history":[{"count":0,"href":"https:\/\/cndl.org.br\/varejosa\/wp-json\/wp\/v2\/posts\/16089\/revisions"}],"wp:featuredmedia":[{"embeddable":true,"href":"https:\/\/cndl.org.br\/varejosa\/wp-json\/wp\/v2\/media\/16094"}],"wp:attachment":[{"href":"https:\/\/cndl.org.br\/varejosa\/wp-json\/wp\/v2\/media?parent=16089"}],"wp:term":[{"taxonomy":"category","embeddable":true,"href":"https:\/\/cndl.org.br\/varejosa\/wp-json\/wp\/v2\/categories?post=16089"},{"taxonomy":"post_tag","embeddable":true,"href":"https:\/\/cndl.org.br\/varejosa\/wp-json\/wp\/v2\/tags?post=16089"}],"curies":[{"name":"wp","href":"https:\/\/api.w.org\/{rel}","templated":true}]}}