{"id":16168,"date":"2022-05-27T10:55:04","date_gmt":"2022-05-27T13:55:04","guid":{"rendered":"https:\/\/cndl.org.br\/varejosa\/?p=16168"},"modified":"2024-02-04T17:05:42","modified_gmt":"2024-02-04T20:05:42","slug":"empossada-a-nova-diretoria-da-federacao-varejista-do-rio-grande-do-sul","status":"publish","type":"post","link":"https:\/\/cndl.org.br\/varejosa\/empossada-a-nova-diretoria-da-federacao-varejista-do-rio-grande-do-sul\/","title":{"rendered":"Empossada a nova diretoria da Federa\u00e7\u00e3o Varejista do Rio Grande do Sul"},"content":{"rendered":"\n<p class=\"has-text-align-center\"><em>Nova diretoria assume gest\u00e3o at\u00e9 2025; evento foi amplamente prestigiado por autoridades p\u00fablicas<\/em><\/p>\n\n\n\n<div class=\"wp-block-image\"><figure class=\"alignleft size-large is-resized\"><a href=\"https:\/\/cndl.org.br\/varejosa\/wp-content\/uploads\/2022\/05\/IMG_6418.JPG.png\"><img loading=\"lazy\" decoding=\"async\" src=\"https:\/\/cndl.org.br\/varejosa\/wp-content\/uploads\/2022\/05\/IMG_6418.JPG-1024x768.png\" alt=\"\" class=\"wp-image-16170\" width=\"297\" height=\"222\" srcset=\"https:\/\/cndl.org.br\/varejosa\/wp-content\/uploads\/2022\/05\/IMG_6418.JPG-1024x768.png 1024w, https:\/\/cndl.org.br\/varejosa\/wp-content\/uploads\/2022\/05\/IMG_6418.JPG-300x225.png 300w, https:\/\/cndl.org.br\/varejosa\/wp-content\/uploads\/2022\/05\/IMG_6418.JPG-768x576.png 768w, https:\/\/cndl.org.br\/varejosa\/wp-content\/uploads\/2022\/05\/IMG_6418.JPG-1536x1152.png 1536w, https:\/\/cndl.org.br\/varejosa\/wp-content\/uploads\/2022\/05\/IMG_6418.JPG.png 1600w\" sizes=\"auto, (max-width: 297px) 100vw, 297px\" \/><\/a><figcaption><em>Jos\u00e9 C\u00e9sar da Costa, primeiro \u00e0 esquerda, prestigiou a posse da nova diretoria da Federa\u00e7\u00e3o Varejista do Rio Grande do Sul<\/em><\/figcaption><\/figure><\/div>\n\n\n\n<p>A Federa\u00e7\u00e3o Varejista do Rio Grande do Sul realizou, na noite da \u00faltima quinta-feira (26), jantar festivo em que a nova diretoria da entidade foi empossada. O empres\u00e1rio Ivonei Pioner assume a presid\u00eancia da nova Federa\u00e7\u00e3o para gest\u00e3o at\u00e9 2025.<\/p>\n\n\n\n<p>O presidente da CNDL, Jos\u00e9 C\u00e9sar da Costa, marcou presen\u00e7a no evento e destacou que a nova Federa\u00e7\u00e3o marca um novo momento do setor de Com\u00e9rcio e Servi\u00e7os no Estado. \u201cO Sistema CNDL se mostra ainda mais forte com a nova diretoria da Federa\u00e7\u00e3o Varejista do Rio Grande do Sul. \u00c9 momento de reconstru\u00e7\u00e3o e transforma\u00e7\u00e3o que o Estado, unido a todos os outros do Sistema est\u00e3o vivendo. Momento de comemorar, brindar\u201d, disse o presidente.<\/p>\n\n\n\n<p>Jos\u00e9 C\u00e9sar falou ainda sobre a import\u00e2ncia do trabalho realizado pelas entidades. \u201cFazemos isso porque acreditamos no Brasil e porque sabemos que os momentos dif\u00edceis da hist\u00f3ria deste pa\u00eds foram superados com a contribui\u00e7\u00e3o do trabalho da iniciativa privada\u201d, disse o presidente. \u201cNossa condi\u00e7\u00e3o de principal entidade representativa do varejo nacional nos move para defender os interesses do com\u00e9rcio e servi\u00e7os e plantar a esperan\u00e7a no cora\u00e7\u00e3o dos empreendedores\u201d, finalizou.<\/p>\n\n\n\n<p>Na mesma linha, o rec\u00e9m-empossado Ivonei Pioner falou sobre a for\u00e7a das C\u00e2maras de Dirigentes Lojistas (CDLs). \u201cElas est\u00e3o \u00e0 frente de tudo. S\u00e3o elas l\u00e1 na ponta que atendem e entregam todos os benef\u00edcios que seus associados precisam para desenvolver ainda mais seus neg\u00f3cios\u201d, disse.<\/p>\n\n\n\n<p>O presidente destacou que aquele era o marco de um novo tempo para o estado. \u201cEsse novo tempo tem um motivo de ser e um motivo que est\u00e1 no nascedouro de tudo e agora nos impulsiona para crescer. A Federa\u00e7\u00e3o vem para construir com todos neste novo tempo\u201d, afirmou Ivonei Pioner. \u201cAs dores, os desafios s\u00e3o os mais diversos. Por\u00e9m nada que di\u00e1logo, estrat\u00e9gias bem definidas e foco em resultados n\u00e3o resolva. E isso j\u00e1 come\u00e7ou e n\u00e3o se encerra mais\u201d, completou.<\/p>\n\n\n\n<div class=\"wp-block-image\"><figure class=\"alignright size-large is-resized\"><a href=\"https:\/\/cndl.org.br\/varejosa\/wp-content\/uploads\/2022\/05\/IMG_6420.png\"><img loading=\"lazy\" decoding=\"async\" src=\"https:\/\/cndl.org.br\/varejosa\/wp-content\/uploads\/2022\/05\/IMG_6420-1024x768.png\" alt=\"\" class=\"wp-image-16177\" width=\"335\" height=\"251\" srcset=\"https:\/\/cndl.org.br\/varejosa\/wp-content\/uploads\/2022\/05\/IMG_6420-1024x768.png 1024w, https:\/\/cndl.org.br\/varejosa\/wp-content\/uploads\/2022\/05\/IMG_6420-300x225.png 300w, https:\/\/cndl.org.br\/varejosa\/wp-content\/uploads\/2022\/05\/IMG_6420-768x576.png 768w, https:\/\/cndl.org.br\/varejosa\/wp-content\/uploads\/2022\/05\/IMG_6420-1536x1152.png 1536w, https:\/\/cndl.org.br\/varejosa\/wp-content\/uploads\/2022\/05\/IMG_6420.png 1600w\" sizes=\"auto, (max-width: 335px) 100vw, 335px\" \/><\/a><figcaption><em>Francisco Freitas (esq.), Frank Sinatra, Maur\u00edcio Stainoff, Bruno Falci e Itamar Silva<\/em> (dir.)<\/figcaption><\/figure><\/div>\n\n\n\n<p><strong>Homenagens<\/strong><br>Durante o evento, a Federa\u00e7\u00e3o Varejista do Rio Grande do Sul prestou uma homenagem aos parlamentares do Estado que se destacaram em suas atua\u00e7\u00f5es em defesa do setor de Com\u00e9rcio e Servi\u00e7os. Os senadores Lasier Martins (Podemos) e Luis Carlos Heinze (PP); os deputados Bibo Nunes (PL), Heitor Schuch (PSB), Jer\u00f4nimo Goergen (PP), Osmar Terra (MDB) e Ubiratan Sanderson (PL); e o chefe de gabinete, representando a deputada federal, Liziane Bayer (Republicanos), Luiz No\u00e9 de Souza Soares, receberam das m\u00e3os dos presidentes Jos\u00e9 C\u00e9sar da Costa e Ivonei Pioner uma mo\u00e7\u00e3o de aplausos.<\/p>\n\n\n\n<p>Homenageado e representando a Frente Parlamentar em Defesa do Com\u00e9rcio e Servi\u00e7os, o deputado federal Jer\u00f4nimo Goergen reafirmou o seu compromisso com o setor. \u201cNo momento em que uma nova diretoria toma posse, \u00e9 o momento de renovar as for\u00e7as. Neste mandato fui relator da Lei da Liberdade Econ\u00f4mica e recebi muito apoio da entidade para que pud\u00e9ssemos diminuir o peso do Estado na vida do empreendedor. Ent\u00e3o, venho aqui para reafirmar o meu compromisso com o setor empresarial lojista e dizer que tem sido uma honra ser um aliado de quem gera emprego e crescimento econ\u00f4mico no pa\u00eds\u201d, disse o deputado.<\/p>\n\n\n\n<p>Para o senador Lasier Martins, a nova diretoria representa um ponto de partida para novos tempos. \u201cEstou honrado em participar da posse em uma \u00e9poca que temos a retomada do desenvolvimento. O setor de Com\u00e9rcio e Servi\u00e7os tem um papel important\u00edssimo, principalmente, depois de ter sofrido os preju\u00edzos da pandemia. Essa noite, pode significar o ponto de partida, uma retomada de novos tempos\u201d, afirmou.<\/p>\n\n\n\n<div class=\"wp-block-image\"><figure class=\"alignleft size-large is-resized\"><a href=\"https:\/\/cndl.org.br\/varejosa\/wp-content\/uploads\/2022\/05\/IMG_6419.png\"><img loading=\"lazy\" decoding=\"async\" src=\"https:\/\/cndl.org.br\/varejosa\/wp-content\/uploads\/2022\/05\/IMG_6419-1024x768.png\" alt=\"\" class=\"wp-image-16171\" width=\"347\" height=\"259\" srcset=\"https:\/\/cndl.org.br\/varejosa\/wp-content\/uploads\/2022\/05\/IMG_6419-1024x768.png 1024w, https:\/\/cndl.org.br\/varejosa\/wp-content\/uploads\/2022\/05\/IMG_6419-300x225.png 300w, https:\/\/cndl.org.br\/varejosa\/wp-content\/uploads\/2022\/05\/IMG_6419-768x576.png 768w, https:\/\/cndl.org.br\/varejosa\/wp-content\/uploads\/2022\/05\/IMG_6419-1536x1152.png 1536w, https:\/\/cndl.org.br\/varejosa\/wp-content\/uploads\/2022\/05\/IMG_6419.png 1600w\" sizes=\"auto, (max-width: 347px) 100vw, 347px\" \/><\/a><figcaption><em>Lideran\u00e7as do varejo tamb\u00e9m prestigiaram a posse<\/em><\/figcaption><\/figure><\/div>\n\n\n\n<p>Al\u00e9m dos parlamentares homenageados, prestigiaram tamb\u00e9m o evento o deputado federal Heitor Schuch (PSB); os deputados estaduais Ern\u00e2ni Polo (PP) e Tiago Simon (MDB); e o secret\u00e1rio-adjunto de Desenvolvimento Econ\u00f4mico de Porto Alegre, Douglas Martelo.<\/p>\n\n\n\n<p>Do Sistema CNDL, participaram os presidentes do Conselho Administrativo e Deliberativo do SPC Brasil, Roque Pellizzaro Jr. e Bruno Falci, respectivamente; os presidentes da FCDL-MG, Frank Sinatra, da FCDL-CE, Francisco Freitas, da FCDL-PR, Samoel Mattos, e da FCDL-SP, Maur\u00edcio Stainoff.<\/p>\n\n\n\n<p><strong>Empossados<\/strong><br>Al\u00e9m do presidente, foram empossados o Vice-presidente, Marcos Carbone; o Diretor Administrativo e Financeiro, Zani da Costa dos Santos; o Diretor de Servi\u00e7os, Gilberto Kasper; o Diretor de Crescimento e Expans\u00e3o, Ricardo Bartz; a Diretora de Rela\u00e7\u00f5es Institucionais e Governamentais, Clarice Strassburger; o Diretor de Coordena\u00e7\u00e3o Distrital, Sidnei da Silva; o Diretor de Eventos, Jasser Panizzon; o coordenador da CDL Jovem Rio Grande do Sul, Lucas Magnani; e os Conselheiros Fiscais Reginaldo Fabiano Hassler, Rossano Adam Goulart, Juliano Tofolo e Tailor Hermann.<\/p>\n\n\n\n<p><em>Fotos: Rafaela Paulino<\/em><\/p>\n\n\n\n<figure class=\"wp-block-gallery columns-2 is-cropped wp-block-gallery-1 is-layout-flex wp-block-gallery-is-layout-flex\"><ul class=\"blocks-gallery-grid\"><li class=\"blocks-gallery-item\"><figure><img loading=\"lazy\" decoding=\"async\" width=\"1024\" height=\"768\" src=\"https:\/\/cndl.org.br\/varejosa\/wp-content\/uploads\/2022\/05\/IMG_6416-1-1024x768.png\" alt=\"\" data-id=\"16172\" data-full-url=\"https:\/\/cndl.org.br\/varejosa\/wp-content\/uploads\/2022\/05\/IMG_6416-1.png\" data-link=\"https:\/\/cndl.org.br\/varejosa\/empossada-a-nova-diretoria-da-federacao-varejista-do-rio-grande-do-sul\/img_6416-1\/\" class=\"wp-image-16172\" srcset=\"https:\/\/cndl.org.br\/varejosa\/wp-content\/uploads\/2022\/05\/IMG_6416-1-1024x768.png 1024w, https:\/\/cndl.org.br\/varejosa\/wp-content\/uploads\/2022\/05\/IMG_6416-1-300x225.png 300w, https:\/\/cndl.org.br\/varejosa\/wp-content\/uploads\/2022\/05\/IMG_6416-1-768x576.png 768w, https:\/\/cndl.org.br\/varejosa\/wp-content\/uploads\/2022\/05\/IMG_6416-1-1536x1152.png 1536w, https:\/\/cndl.org.br\/varejosa\/wp-content\/uploads\/2022\/05\/IMG_6416-1.png 1600w\" sizes=\"auto, (max-width: 1024px) 100vw, 1024px\" \/><\/figure><\/li><li class=\"blocks-gallery-item\"><figure><img loading=\"lazy\" decoding=\"async\" width=\"1024\" height=\"768\" src=\"https:\/\/cndl.org.br\/varejosa\/wp-content\/uploads\/2022\/05\/IMG_6417.JPG-1024x768.png\" alt=\"\" data-id=\"16173\" data-full-url=\"https:\/\/cndl.org.br\/varejosa\/wp-content\/uploads\/2022\/05\/IMG_6417.JPG.png\" data-link=\"https:\/\/cndl.org.br\/varejosa\/empossada-a-nova-diretoria-da-federacao-varejista-do-rio-grande-do-sul\/img_6417-jpg\/\" class=\"wp-image-16173\" srcset=\"https:\/\/cndl.org.br\/varejosa\/wp-content\/uploads\/2022\/05\/IMG_6417.JPG-1024x768.png 1024w, https:\/\/cndl.org.br\/varejosa\/wp-content\/uploads\/2022\/05\/IMG_6417.JPG-300x225.png 300w, https:\/\/cndl.org.br\/varejosa\/wp-content\/uploads\/2022\/05\/IMG_6417.JPG-768x576.png 768w, https:\/\/cndl.org.br\/varejosa\/wp-content\/uploads\/2022\/05\/IMG_6417.JPG-1536x1152.png 1536w, https:\/\/cndl.org.br\/varejosa\/wp-content\/uploads\/2022\/05\/IMG_6417.JPG.png 1600w\" sizes=\"auto, (max-width: 1024px) 100vw, 1024px\" \/><\/figure><\/li><li class=\"blocks-gallery-item\"><figure><img loading=\"lazy\" decoding=\"async\" width=\"1024\" height=\"768\" src=\"https:\/\/cndl.org.br\/varejosa\/wp-content\/uploads\/2022\/05\/IMG_6418.JPG-1-1024x768.png\" alt=\"\" data-id=\"16175\" data-full-url=\"https:\/\/cndl.org.br\/varejosa\/wp-content\/uploads\/2022\/05\/IMG_6418.JPG-1.png\" data-link=\"https:\/\/cndl.org.br\/varejosa\/empossada-a-nova-diretoria-da-federacao-varejista-do-rio-grande-do-sul\/img_6418-jpg-1\/\" class=\"wp-image-16175\" srcset=\"https:\/\/cndl.org.br\/varejosa\/wp-content\/uploads\/2022\/05\/IMG_6418.JPG-1-1024x768.png 1024w, https:\/\/cndl.org.br\/varejosa\/wp-content\/uploads\/2022\/05\/IMG_6418.JPG-1-300x225.png 300w, https:\/\/cndl.org.br\/varejosa\/wp-content\/uploads\/2022\/05\/IMG_6418.JPG-1-768x576.png 768w, https:\/\/cndl.org.br\/varejosa\/wp-content\/uploads\/2022\/05\/IMG_6418.JPG-1-1536x1152.png 1536w, https:\/\/cndl.org.br\/varejosa\/wp-content\/uploads\/2022\/05\/IMG_6418.JPG-1.png 1600w\" sizes=\"auto, (max-width: 1024px) 100vw, 1024px\" \/><\/figure><\/li><li class=\"blocks-gallery-item\"><figure><img loading=\"lazy\" decoding=\"async\" width=\"1024\" height=\"768\" src=\"https:\/\/cndl.org.br\/varejosa\/wp-content\/uploads\/2022\/05\/IMG_6419-1-1024x768.png\" alt=\"\" data-id=\"16176\" data-full-url=\"https:\/\/cndl.org.br\/varejosa\/wp-content\/uploads\/2022\/05\/IMG_6419-1.png\" data-link=\"https:\/\/cndl.org.br\/varejosa\/empossada-a-nova-diretoria-da-federacao-varejista-do-rio-grande-do-sul\/img_6419-1\/\" class=\"wp-image-16176\" srcset=\"https:\/\/cndl.org.br\/varejosa\/wp-content\/uploads\/2022\/05\/IMG_6419-1-1024x768.png 1024w, https:\/\/cndl.org.br\/varejosa\/wp-content\/uploads\/2022\/05\/IMG_6419-1-300x225.png 300w, https:\/\/cndl.org.br\/varejosa\/wp-content\/uploads\/2022\/05\/IMG_6419-1-768x576.png 768w, https:\/\/cndl.org.br\/varejosa\/wp-content\/uploads\/2022\/05\/IMG_6419-1-1536x1152.png 1536w, https:\/\/cndl.org.br\/varejosa\/wp-content\/uploads\/2022\/05\/IMG_6419-1.png 1600w\" sizes=\"auto, (max-width: 1024px) 100vw, 1024px\" \/><\/figure><\/li><li class=\"blocks-gallery-item\"><figure><img loading=\"lazy\" decoding=\"async\" width=\"1024\" height=\"768\" src=\"https:\/\/cndl.org.br\/varejosa\/wp-content\/uploads\/2022\/05\/IMG_6420-1024x768.png\" alt=\"\" data-id=\"16177\" data-full-url=\"https:\/\/cndl.org.br\/varejosa\/wp-content\/uploads\/2022\/05\/IMG_6420.png\" data-link=\"https:\/\/cndl.org.br\/varejosa\/empossada-a-nova-diretoria-da-federacao-varejista-do-rio-grande-do-sul\/img_6420\/\" class=\"wp-image-16177\" srcset=\"https:\/\/cndl.org.br\/varejosa\/wp-content\/uploads\/2022\/05\/IMG_6420-1024x768.png 1024w, https:\/\/cndl.org.br\/varejosa\/wp-content\/uploads\/2022\/05\/IMG_6420-300x225.png 300w, https:\/\/cndl.org.br\/varejosa\/wp-content\/uploads\/2022\/05\/IMG_6420-768x576.png 768w, https:\/\/cndl.org.br\/varejosa\/wp-content\/uploads\/2022\/05\/IMG_6420-1536x1152.png 1536w, https:\/\/cndl.org.br\/varejosa\/wp-content\/uploads\/2022\/05\/IMG_6420.png 1600w\" sizes=\"auto, (max-width: 1024px) 100vw, 1024px\" \/><\/figure><\/li><\/ul><\/figure>\n","protected":false},"excerpt":{"rendered":"<p>Nova diretoria assume gest\u00e3o at\u00e9 2025; evento foi amplamente prestigiado por autoridades p\u00fablicas<\/p>\n","protected":false},"author":28,"featured_media":16173,"comment_status":"open","ping_status":"open","sticky":false,"template":"","format":"standard","meta":{"footnotes":""},"categories":[1371],"tags":[3347,4058,1103],"class_list":["post-16168","post","type-post","status-publish","format-standard","has-post-thumbnail","hentry","category-noticias-cndl","tag-associativismo","tag-federacao-varejista-do-rio-grande-do-sul","tag-sistema-cndl"],"_links":{"self":[{"href":"https:\/\/cndl.org.br\/varejosa\/wp-json\/wp\/v2\/posts\/16168","targetHints":{"allow":["GET"]}}],"collection":[{"href":"https:\/\/cndl.org.br\/varejosa\/wp-json\/wp\/v2\/posts"}],"about":[{"href":"https:\/\/cndl.org.br\/varejosa\/wp-json\/wp\/v2\/types\/post"}],"author":[{"embeddable":true,"href":"https:\/\/cndl.org.br\/varejosa\/wp-json\/wp\/v2\/users\/28"}],"replies":[{"embeddable":true,"href":"https:\/\/cndl.org.br\/varejosa\/wp-json\/wp\/v2\/comments?post=16168"}],"version-history":[{"count":0,"href":"https:\/\/cndl.org.br\/varejosa\/wp-json\/wp\/v2\/posts\/16168\/revisions"}],"wp:featuredmedia":[{"embeddable":true,"href":"https:\/\/cndl.org.br\/varejosa\/wp-json\/wp\/v2\/media\/16173"}],"wp:attachment":[{"href":"https:\/\/cndl.org.br\/varejosa\/wp-json\/wp\/v2\/media?parent=16168"}],"wp:term":[{"taxonomy":"category","embeddable":true,"href":"https:\/\/cndl.org.br\/varejosa\/wp-json\/wp\/v2\/categories?post=16168"},{"taxonomy":"post_tag","embeddable":true,"href":"https:\/\/cndl.org.br\/varejosa\/wp-json\/wp\/v2\/tags?post=16168"}],"curies":[{"name":"wp","href":"https:\/\/api.w.org\/{rel}","templated":true}]}}