{"id":16187,"date":"2022-05-30T09:24:53","date_gmt":"2022-05-30T12:24:53","guid":{"rendered":"https:\/\/cndl.org.br\/varejosa\/?p=16187"},"modified":"2026-01-29T10:26:08","modified_gmt":"2026-01-29T13:26:08","slug":"unecs-prestigia-posse-da-diretoria-da-frente-parlamentar-de-comercio-e-servicos-e-empreendedorismo","status":"publish","type":"post","link":"https:\/\/cndl.org.br\/varejosa\/unecs-prestigia-posse-da-diretoria-da-frente-parlamentar-de-comercio-e-servicos-e-empreendedorismo\/","title":{"rendered":"UNECS prestigia posse da diretoria da Frente Parlamentar de Com\u00e9rcio, Servi\u00e7os e Empreendedorismo"},"content":{"rendered":"\n<p>Representantes das entidades que comp\u00f5em a UNECS participaram, nesta quarta-feira (27), do primeiro evento oficial realizado pela Frente Parlamentar do Com\u00e9rcio, Servi\u00e7os e Empreendedorismo (FCS) em 2022. Durante um caf\u00e9 da manh\u00e3, comandado pelo presidente da Frente, deputado Efraim Filho (Uni\u00e3o-PB), foi apresentada a nova diretoria da FCS para 2022. Efraim permanecer\u00e1 no cargo de presidente e Domingos S\u00e1vio (PL-MG) seguir\u00e1 como vice-presidente.<\/p>\n\n\n\n<p>Marcaram presen\u00e7a no evento Jos\u00e9 C\u00e9sar da Costa, presidente da UNECS e da CNDL; Paulo Solmucci, presidente da ABRASEL; Paulo Eduardo Guimar\u00e3es, presidente da AFRAC; Geraldo Defalco, presidente da ANAMACO); George Teixeira, presidente do Conselho Consultivo da CACB; Gisele Pimentel, representante da ABRASCE; Ana Paula Alencar, Gerente de Comunica\u00e7\u00e3o, Marketing e Conte\u00fado da ABAD e Ana Lu\u00edza Dar\u00f3s, Rela\u00e7\u00f5es Institucionais e Governamentais da ABRAS.<\/p>\n\n\n\n<p>Tamb\u00e9m na pauta da reuni\u00e3o, o PLP 178\/2021, de autoria de Efraim Filho. Iniciativa da AFRAC, a proposta \u00e9 conhecida como Projeto de Simplifica\u00e7\u00e3o Digital e institui o Estatuto Nacional de Simplifica\u00e7\u00e3o de Obriga\u00e7\u00f5es Tribut\u00e1rias Acess\u00f3rias.<\/p>\n\n\n\n<p>Para Jos\u00e9 C\u00e9sar da Costa, o PLP 178\/2021 significa a moderniza\u00e7\u00e3o e simplifica\u00e7\u00e3o de um sistema que prejudica especialmente os Micro e Pequenos Empres\u00e1rios. \u201cEsse projeto deve aliviar a situa\u00e7\u00e3o de quem mais emprega e paga impostos no Brasil. Estamos felizes com o apoio e engajamento dos parlamentares nessa empreitada\u201d, complementou o presidente da UNECS.<\/p>\n\n\n\n<p>J\u00e1 para Efraim Filho, o projeto seria uma maneira eficaz para reduzir os custos para as administra\u00e7\u00f5es tribut\u00e1rias e para os contribuintes. \u201cSe aprovado, o texto dever\u00e1 reduzir e muito o custo Brasil\u201d, ponderou.<\/p>\n\n\n\n<p>O encontro contou ainda com a presen\u00e7a de alguns membros da diretoria 2022 \u2013 o senador Izalci Lucas (PSDB-DF), a deputada Paula Belmonte (Cidadania-DF), o deputado Alan Rick (Uniao-AC), o deputado Z\u00e9 Neto (PT-BA), o deputado Sanderson (PL-RS) e o deputado Rodrigo Coelho (Podemos-SC). Durante a reuni\u00e3o, os parlamentares receberam uma mo\u00e7\u00e3o de aplauso da FCS, por sua significativa participa\u00e7\u00e3o e pela expressiva contribui\u00e7\u00e3o ao Setor de Com\u00e9rcio e Servi\u00e7os, somando for\u00e7as para o desenvolvimento do segmento.<\/p>\n\n\n\n<p>Para apresentar o posicionamento do governo sobre o PLP 178\/2021 e as perspectivas de tramita\u00e7\u00e3o no Congresso Nacional, a FCS contou com a presen\u00e7a da representante da Secretaria Especial de Produtividade e Competitividade do Minist\u00e9rio da Economia, Anne Caroline Marciquevik Alves.<\/p>\n\n\n\n<p>Confira a lista completa da Diretoria da FCS para 2022:<\/p>\n\n\n\n<p>Dep. Efraim Filho (Uni\u00e3o-PB)<br>Presidente<\/p>\n\n\n\n<p>Dep. Domingos S\u00e1vio (PL-MG)<br>Vice-Presidente<\/p>\n\n\n\n<p>Sen. Izalci Lucas (PSDB-DF)<br>Vice-Presidente Senado Federal<\/p>\n\n\n\n<p>Dep. Marco Bertaiolli (PSD-SP)<br>Vice-Presidente C\u00e2mara dos Deputados<\/p>\n\n\n\n<p>Dep. Alan Rick (Uni\u00e3o-AC)<br>2\u00ba Vice-Presidente da Regi\u00e3o Norte<\/p>\n\n\n\n<p>Dep. Laercio Oliveira (PP-SE)<br>2\u00ba Vice-Presidente da Regi\u00e3o Nordeste<\/p>\n\n\n\n<p>Dep. Bia Kicis (PL-DF)<br>2\u00ba Vice-Presidente da Regi\u00e3o Centro-Oeste<\/p>\n\n\n\n<p>Dep. Alceu Moreira (MDB-RS)<br>2\u00ba Vice-Presidente da Regi\u00e3o Sul<\/p>\n\n\n\n<p>Dep. Paula Belmonte (Cidadania-DF)<br>Secret\u00e1ria Geral<\/p>\n\n\n\n<p>Dep. Darci de Matos (PSD-SC)<br>1\u00ba Secret\u00e1rio<\/p>\n\n\n\n<p>Dep. Joaquim Passarinho (PL-PA)<br>2\u00ba Secret\u00e1rio<\/p>\n\n\n\n<p>Dep. Celso Sabino (Uni\u00e3o-PA)<br>3\u00ba Secret\u00e1rio<\/p>\n\n\n\n<p>Dep. Luiz Nishimori (PSD-PR)<br>4\u00ba Secret\u00e1rio<\/p>\n\n\n\n<p>Dep. Tiago Dimas (Podemos-TO)<br>Articula\u00e7\u00e3o Pol\u00edtica na C\u00e2mara<\/p>\n\n\n\n<p>Sen. Marcos Rog\u00e9rio (PL-RO)<br>Articula\u00e7\u00e3o Pol\u00edtica no Senado<\/p>\n\n\n\n<p>Dep. Christino Aureo (PP-RJ)<br>Coordena\u00e7\u00e3o de Assuntos Tribut\u00e1rios<\/p>\n\n\n\n<p>Dep. Glaustin da Fokus (PSC-GO)<br>Coordena\u00e7\u00e3o de Assuntos Trabalhistas<\/p>\n\n\n\n<p>Dep. Sanderson (PL-RS)<br>Coordena\u00e7\u00e3o de Desregulamenta\u00e7\u00e3o<\/p>\n\n\n\n<p>Dep. Gilson Marques (NOVO-SC)<br>Coordena\u00e7\u00e3o de rela\u00e7\u00e3o com o Consumidor<\/p>\n\n\n\n<p>Dep. Osires Damaso (PSC-TO)<br>Coordena\u00e7\u00e3o de Empreendedorismo<\/p>\n\n\n\n<p>Dep. Herc\u00edlio Coelho Diniz (MDB-MG)<br>Coordena\u00e7\u00e3o de Tecnologia e Comunica\u00e7\u00e3o<\/p>\n\n\n\n<p>Dep. Rodrigo Coelho (Podemos-SC)<br>Coordena\u00e7\u00e3o do Turismo<\/p>\n\n\n\n<p>Dep. Z\u00e9 Neto (PT-BA)<br>Coordena\u00e7\u00e3o da Micro e Pequena Empresa<\/p>\n\n\n\n<p>Conselho deliberativo<br>Dep. Alexis Fonteyne (NOVO-SP)<br>Dep. \u00c1tila Lira (PP-PI)<br>Dep. Celina Le\u00e3o (PP-DF)<br>Dep. Celso Maldaner (MDB-SC)<br>Dep. Charlles Evangelista (PP-MG)<br>Dep. Da Vitoria (PP-ES)<br>Dep. Eli Corr\u00eaa Filho (Uni\u00e3o-SP)<br>Dep. Emanuel Pinheiro Neto (MDB-MT)<br>Dep. Herculano Passos (Republicanos-SP)<br>Dep. Julio C\u00e9sar Ribeiro (Republicanos-DF)<br>Dep. Luiz Philippe de Orleans e Bragan\u00e7a (PL-SP)<br>Dep. Luis Miranda (Republicanos-DF)<br>Dep. Vinicius Poit (NOVO-SP)<br>Dep. Vitor Lippi (PSDB-SC)<\/p>\n","protected":false},"excerpt":{"rendered":"<p>Durante um caf\u00e9 da manh\u00e3, comandado pelo presidente da Frente, deputado Efraim Filho (Uni\u00e3o-PB), foi apresentada a nova diretoria da FCS para 2022. Efraim permanecer\u00e1 no cargo de presidente e Domingos S\u00e1vio (PL-MG) seguir\u00e1 como vice-presidente.<\/p>\n","protected":false},"author":12,"featured_media":16188,"comment_status":"open","ping_status":"open","sticky":false,"template":"","format":"standard","meta":{"footnotes":""},"categories":[5891],"tags":[],"class_list":["post-16187","post","type-post","status-publish","format-standard","has-post-thumbnail","hentry","category-empreendedorismo"],"_links":{"self":[{"href":"https:\/\/cndl.org.br\/varejosa\/wp-json\/wp\/v2\/posts\/16187","targetHints":{"allow":["GET"]}}],"collection":[{"href":"https:\/\/cndl.org.br\/varejosa\/wp-json\/wp\/v2\/posts"}],"about":[{"href":"https:\/\/cndl.org.br\/varejosa\/wp-json\/wp\/v2\/types\/post"}],"author":[{"embeddable":true,"href":"https:\/\/cndl.org.br\/varejosa\/wp-json\/wp\/v2\/users\/12"}],"replies":[{"embeddable":true,"href":"https:\/\/cndl.org.br\/varejosa\/wp-json\/wp\/v2\/comments?post=16187"}],"version-history":[{"count":0,"href":"https:\/\/cndl.org.br\/varejosa\/wp-json\/wp\/v2\/posts\/16187\/revisions"}],"wp:featuredmedia":[{"embeddable":true,"href":"https:\/\/cndl.org.br\/varejosa\/wp-json\/wp\/v2\/media\/16188"}],"wp:attachment":[{"href":"https:\/\/cndl.org.br\/varejosa\/wp-json\/wp\/v2\/media?parent=16187"}],"wp:term":[{"taxonomy":"category","embeddable":true,"href":"https:\/\/cndl.org.br\/varejosa\/wp-json\/wp\/v2\/categories?post=16187"},{"taxonomy":"post_tag","embeddable":true,"href":"https:\/\/cndl.org.br\/varejosa\/wp-json\/wp\/v2\/tags?post=16187"}],"curies":[{"name":"wp","href":"https:\/\/api.w.org\/{rel}","templated":true}]}}