{"id":16194,"date":"2022-05-31T09:27:58","date_gmt":"2022-05-31T12:27:58","guid":{"rendered":"https:\/\/cndl.org.br\/varejosa\/?p=16194"},"modified":"2024-02-04T17:05:42","modified_gmt":"2024-02-04T20:05:42","slug":"fcdl-pe-promove-campanha-para-ajudar-vitimas-das-chuvas","status":"publish","type":"post","link":"https:\/\/cndl.org.br\/varejosa\/fcdl-pe-promove-campanha-para-ajudar-vitimas-das-chuvas\/","title":{"rendered":"FCDL-PE promove campanha para ajudar v\u00edtimas das chuvas"},"content":{"rendered":"\n<div class=\"wp-block-image\"><figure class=\"alignleft size-large is-resized\"><a href=\"https:\/\/cndl.org.br\/varejosa\/wp-content\/uploads\/2022\/05\/WhatsApp-Image-2022-05-30-at-08.38.47.jpeg\"><img loading=\"lazy\" decoding=\"async\" src=\"https:\/\/cndl.org.br\/varejosa\/wp-content\/uploads\/2022\/05\/WhatsApp-Image-2022-05-30-at-08.38.47-576x1024.jpeg\" alt=\"\" class=\"wp-image-16196\" width=\"251\" height=\"446\" srcset=\"https:\/\/cndl.org.br\/varejosa\/wp-content\/uploads\/2022\/05\/WhatsApp-Image-2022-05-30-at-08.38.47-576x1024.jpeg 576w, https:\/\/cndl.org.br\/varejosa\/wp-content\/uploads\/2022\/05\/WhatsApp-Image-2022-05-30-at-08.38.47-169x300.jpeg 169w, https:\/\/cndl.org.br\/varejosa\/wp-content\/uploads\/2022\/05\/WhatsApp-Image-2022-05-30-at-08.38.47.jpeg 720w\" sizes=\"auto, (max-width: 251px) 100vw, 251px\" \/><\/a><\/figure><\/div>\n\n\n\n<p>A Federa\u00e7\u00e3o das C\u00e2maras de Dirigentes Lojistas de Pernambuco (FCDL-PE) lan\u00e7ou campanha solid\u00e1ria para ajudar as fam\u00edlias atingidas pelas fortes chuvas, inunda\u00e7\u00f5es e deslizamentos que ocorrem em todo o estado, desde a \u00faltima semana. A entidade estadual convocou todas as suas CDLs para realizarem campanhas de arrecada\u00e7\u00e3o de itens de necessidade b\u00e1sica.<\/p>\n\n\n\n<p>A C\u00e2mara de Dirigentes Lojistas de Recife j\u00e1 est\u00e1 recolhendo alimentos, \u00e1gua mineral, roupas, travesseiros, colch\u00f5es\/colchonetes, len\u00e7\u00f3is, toalhas de banho, produtos de limpeza e de higiene pessoal. \u201cN\u00f3s imploramos pela sensibilidade dos empres\u00e1rios, dos lojistas e de toda a popula\u00e7\u00e3o para que possamos ajudar esta gente sofrendo por conta das inunda\u00e7\u00f5es\u201d, falou Fred Leal, presidente da CDL Recife no Instagram.<\/p>\n\n\n\n<p>A Grande Recife e a Zona da Mata s\u00e3o as \u00e1reas mais atingidas pelas fortes chuvas, inunda\u00e7\u00f5es e deslizamentos. At\u00e9 o momento, s\u00e3o 91 mortos, 26 desaparecidos e cinco mil desabrigados nas 77 cidades atingidas pelas chuvas, sendo que 14 destes munic\u00edpios em estado de emerg\u00eancia e 63 em monitoramento. Os dados s\u00e3o da Defesa Civil do estado.<\/p>\n\n\n\n<p><strong>Servi\u00e7o<\/strong><br>O qu\u00ea: arrecada\u00e7\u00e3o de doa\u00e7\u00f5es para as v\u00edtimas das chuvas em Pernambuco<br>Onde: CDL Recife (Rua do Riachuelo, 105, no Bairro Boa Vista)<br>Quando: das 8:00 \u00e0s 17:00<br>Doa\u00e7\u00f5es aceitas: alimentos, \u00e1gua mineral, roupas, travesseiros, colch\u00f5es\/colchonetes, len\u00e7\u00f3is, toalhas de banho, produtos de limpeza e de higiene pessoal<\/p>\n\n\n\n<p><em>*Reportagem: Lu\u00eds Adolfo Barbosa<\/em><\/p>\n","protected":false},"excerpt":{"rendered":"<p>A entidade estadual convocou todas as suas CDLs para realizarem campanhas de arrecada\u00e7\u00e3o de itens de necessidade b\u00e1sica.<\/p>\n","protected":false},"author":7,"featured_media":16195,"comment_status":"open","ping_status":"open","sticky":false,"template":"","format":"standard","meta":{"footnotes":""},"categories":[1371],"tags":[4600,4601,2665],"class_list":["post-16194","post","type-post","status-publish","format-standard","has-post-thumbnail","hentry","category-noticias-cndl","tag-campanha-solidaria","tag-cdl-recife","tag-fcdl-pe"],"_links":{"self":[{"href":"https:\/\/cndl.org.br\/varejosa\/wp-json\/wp\/v2\/posts\/16194","targetHints":{"allow":["GET"]}}],"collection":[{"href":"https:\/\/cndl.org.br\/varejosa\/wp-json\/wp\/v2\/posts"}],"about":[{"href":"https:\/\/cndl.org.br\/varejosa\/wp-json\/wp\/v2\/types\/post"}],"author":[{"embeddable":true,"href":"https:\/\/cndl.org.br\/varejosa\/wp-json\/wp\/v2\/users\/7"}],"replies":[{"embeddable":true,"href":"https:\/\/cndl.org.br\/varejosa\/wp-json\/wp\/v2\/comments?post=16194"}],"version-history":[{"count":0,"href":"https:\/\/cndl.org.br\/varejosa\/wp-json\/wp\/v2\/posts\/16194\/revisions"}],"wp:featuredmedia":[{"embeddable":true,"href":"https:\/\/cndl.org.br\/varejosa\/wp-json\/wp\/v2\/media\/16195"}],"wp:attachment":[{"href":"https:\/\/cndl.org.br\/varejosa\/wp-json\/wp\/v2\/media?parent=16194"}],"wp:term":[{"taxonomy":"category","embeddable":true,"href":"https:\/\/cndl.org.br\/varejosa\/wp-json\/wp\/v2\/categories?post=16194"},{"taxonomy":"post_tag","embeddable":true,"href":"https:\/\/cndl.org.br\/varejosa\/wp-json\/wp\/v2\/tags?post=16194"}],"curies":[{"name":"wp","href":"https:\/\/api.w.org\/{rel}","templated":true}]}}