{"id":16246,"date":"2022-06-03T16:04:41","date_gmt":"2022-06-03T19:04:41","guid":{"rendered":"https:\/\/cndl.org.br\/varejosa\/?p=16246"},"modified":"2024-02-04T15:50:23","modified_gmt":"2024-02-04T18:50:23","slug":"o-que-e-intraempreendedorismo-especialistas-explicam","status":"publish","type":"post","link":"https:\/\/cndl.org.br\/varejosa\/o-que-e-intraempreendedorismo-especialistas-explicam\/","title":{"rendered":"O que \u00e9 intraempreendedorismo? Especialistas explicam"},"content":{"rendered":"\n<p class=\"has-text-align-center\"><em>Termo se refere a ter um comportamento empreendedor como colaborador dentro de empresas e organiza\u00e7\u00f5es.<\/em><\/p>\n\n\n\n<p>Quando o assunto \u00e9 empreendedorismo, uma das d\u00favidas que mais aparece nas buscas do Google se refere ao intraempreendedorismo e seu significado.<\/p>\n\n\n\n<p>Intraempreendedorismo \u00e9 ter um comportamento empreendedor dentro de empresas e organiza\u00e7\u00f5es.<\/p>\n\n\n\n<p>\u201cS\u00e3o iniciativas dentro de corpora\u00e7\u00f5es em que pessoas passam a desenvolver neg\u00f3cios dentro de outros grandes neg\u00f3cios\u201d, explica Edson Barbero, professor e coordenador do Centro de Empreendedorismo da Funda\u00e7\u00e3o Escola de Com\u00e9rcio \u00c1lvares Penteado (FECAP).<\/p>\n\n\n\n<p>\u00c9 um processo que ocorre dentro das empresas e contribui para a forma\u00e7\u00e3o de novos l\u00edderes, segundo o gerente de relacionamento com o cliente do Sebrae, Enio Pinto.<\/p>\n\n\n\n<p>\u201cVoc\u00ea n\u00e3o \u00e9 o propriet\u00e1rio daquele neg\u00f3cio, voc\u00ea \u00e9 o colaborador, mas tem uma atitude empreendedora. Neste tipo de ambiente de neg\u00f3cios, os funcion\u00e1rios s\u00e3o incentivados a desenvolver uma postura inovadora e ousada\u201d, explica Enio.<\/p>\n\n\n\n<p>As empresas que adotam essa pr\u00e1tica buscam ampliar as compet\u00eancias de seus profissionais levando em conta caracter\u00edsticas que v\u00e3o muito al\u00e9m do diploma acad\u00eamico e das experi\u00eancias t\u00e9cnicas. Essas empresas trabalham para que suas equipes tragam solu\u00e7\u00f5es criativas para os seus problemas e sejam proativas.<\/p>\n\n\n\n<p>\u201cO desenvolvimento do intraempreendedorismo exige o comprometimento da diretoria, dos gerentes e de todos os colaboradores da empresa. \u00c9 preciso entender o ambiente, ser vision\u00e1rio e flex\u00edvel. Tamb\u00e9m \u00e9 essencial criar op\u00e7\u00f5es administrativas, estimular o trabalho em equipe, incentivar a discuss\u00e3o aberta e construir um grupo de defensores do neg\u00f3cio&#8221;, diz Enio.<\/p>\n\n\n\n<p>O professor Edson explica que o intraempreendedorismo tamb\u00e9m pode acontecer dentro de programas de startups, quando empresas apoiam ideias de neg\u00f3cios de seus funcion\u00e1rios.<\/p>\n\n\n\n<p>\u201cEmpresas que incentivam o intraempreendedorismo procuram dar a seus colaboradores a chance de desenvolver um potencial criativo. S\u00e3o organiza\u00e7\u00f5es que querem superar as culturas mais tradicionais, visando modificar seu modelo de neg\u00f3cios, produtos e servi\u00e7os\u201d, afirma.<\/p>\n\n\n\n<p><em>Fonte: G1<\/em><\/p>\n","protected":false},"excerpt":{"rendered":"<p>Quando o assunto \u00e9 empreendedorismo, uma das d\u00favidas que mais aparece nas buscas do Google se refere ao intraempreendedorismo e seu significado.<\/p>\n","protected":false},"author":7,"featured_media":16254,"comment_status":"open","ping_status":"open","sticky":false,"template":"","format":"standard","meta":{"footnotes":""},"categories":[1836],"tags":[317,1006,3485],"class_list":["post-16246","post","type-post","status-publish","format-standard","has-post-thumbnail","hentry","category-marketing-e-vendas","tag-empreendedorismo","tag-empresas","tag-intraempreendedorismo"],"_links":{"self":[{"href":"https:\/\/cndl.org.br\/varejosa\/wp-json\/wp\/v2\/posts\/16246","targetHints":{"allow":["GET"]}}],"collection":[{"href":"https:\/\/cndl.org.br\/varejosa\/wp-json\/wp\/v2\/posts"}],"about":[{"href":"https:\/\/cndl.org.br\/varejosa\/wp-json\/wp\/v2\/types\/post"}],"author":[{"embeddable":true,"href":"https:\/\/cndl.org.br\/varejosa\/wp-json\/wp\/v2\/users\/7"}],"replies":[{"embeddable":true,"href":"https:\/\/cndl.org.br\/varejosa\/wp-json\/wp\/v2\/comments?post=16246"}],"version-history":[{"count":0,"href":"https:\/\/cndl.org.br\/varejosa\/wp-json\/wp\/v2\/posts\/16246\/revisions"}],"wp:featuredmedia":[{"embeddable":true,"href":"https:\/\/cndl.org.br\/varejosa\/wp-json\/wp\/v2\/media\/16254"}],"wp:attachment":[{"href":"https:\/\/cndl.org.br\/varejosa\/wp-json\/wp\/v2\/media?parent=16246"}],"wp:term":[{"taxonomy":"category","embeddable":true,"href":"https:\/\/cndl.org.br\/varejosa\/wp-json\/wp\/v2\/categories?post=16246"},{"taxonomy":"post_tag","embeddable":true,"href":"https:\/\/cndl.org.br\/varejosa\/wp-json\/wp\/v2\/tags?post=16246"}],"curies":[{"name":"wp","href":"https:\/\/api.w.org\/{rel}","templated":true}]}}