{"id":16250,"date":"2022-06-03T11:55:48","date_gmt":"2022-06-03T14:55:48","guid":{"rendered":"https:\/\/cndl.org.br\/varejosa\/?p=16250"},"modified":"2026-01-29T10:26:06","modified_gmt":"2026-01-29T13:26:06","slug":"prazo-para-adesao-ao-relp-termina-nesta-sexta-feira","status":"publish","type":"post","link":"https:\/\/cndl.org.br\/varejosa\/prazo-para-adesao-ao-relp-termina-nesta-sexta-feira\/","title":{"rendered":"Prazo para ades\u00e3o ao Relp termina nesta sexta-feira"},"content":{"rendered":"\n<p><em>Micro e pequenas empresas, incluindo MEIs, podem aderir ao programa de parcelamento de d\u00edvidas<\/em><\/p>\n\n\n\n<p>O prazo para ades\u00e3o ao Programa de Reescalonamento do Pagamento de D\u00e9bitos no \u00c2mbito do Simples Nacional (Relp) termina nesta sexta-feira (dia 3). A instru\u00e7\u00e3o normativa com a prorroga\u00e7\u00e3o foi publicada no dia 31 de maio, no Di\u00e1rio Oficial da Uni\u00e3o.<\/p>\n\n\n\n<p>Podem entrar no programa at\u00e9 mesmo empresas \u2014 incluindo microempreendedores individuais (MEIs) \u2014 que n\u00e3o estejam atualmente no regime simplificado. Ou seja, mesmo que tenham sido exclu\u00eddas ou desenquadradas, elas poder\u00e3o parcelar suas d\u00edvidas, desde que tenham sido apuradas pelo Simples, com vencimento at\u00e9 fevereiro de 2022.<\/p>\n\n\n\n<p>A ades\u00e3o pode ser feita pelo e-CAC, dispon\u00edvel no site da Receita Federal ou pelo Portal do Simples Nacional.<\/p>\n\n\n\n<p>Quem aderir ao Relp poder\u00e1 parcelar suas d\u00edvidas em at\u00e9 180 vezes, com redu\u00e7\u00e3o de at\u00e9 90% das multas e juros, dependendo do volume da perda de receita da empresa durante os meses de mar\u00e7o a dezembro de 2020.<\/p>\n\n\n\n<p>A ades\u00e3o e as simula\u00e7\u00f5es podem ser feitas nos sites:<\/p>\n\n\n\n<p><a href=\"http:\/\/www.regularize.pgfn.gov.br ou\">www.regularize.pgfn.gov.br ou<\/a><\/p>\n\n\n\n<p><a href=\"https:\/\/cav.receita.fazenda.gov.br.'\">https:\/\/cav.receita.fazenda.gov.br.&#8217;<\/a><\/p>\n","protected":false},"excerpt":{"rendered":"<p>Micro e pequenas empresas, incluindo MEIs, podem aderir ao programa de parcelamento de d\u00edvidas O prazo para ades\u00e3o ao Programa de Reescalonamento do Pagamento de [&hellip;]<\/p>\n","protected":false},"author":5,"featured_media":16066,"comment_status":"open","ping_status":"open","sticky":false,"template":"","format":"standard","meta":{"footnotes":""},"categories":[5891],"tags":[288,3990,782,3991],"class_list":["post-16250","post","type-post","status-publish","format-standard","has-post-thumbnail","hentry","category-empreendedorismo","tag-mei","tag-programa-de-reescalonamento-do-pagamento-de-debitos-no-ambito-do-simples-nacional","tag-relp","tag-relpe"],"_links":{"self":[{"href":"https:\/\/cndl.org.br\/varejosa\/wp-json\/wp\/v2\/posts\/16250","targetHints":{"allow":["GET"]}}],"collection":[{"href":"https:\/\/cndl.org.br\/varejosa\/wp-json\/wp\/v2\/posts"}],"about":[{"href":"https:\/\/cndl.org.br\/varejosa\/wp-json\/wp\/v2\/types\/post"}],"author":[{"embeddable":true,"href":"https:\/\/cndl.org.br\/varejosa\/wp-json\/wp\/v2\/users\/5"}],"replies":[{"embeddable":true,"href":"https:\/\/cndl.org.br\/varejosa\/wp-json\/wp\/v2\/comments?post=16250"}],"version-history":[{"count":0,"href":"https:\/\/cndl.org.br\/varejosa\/wp-json\/wp\/v2\/posts\/16250\/revisions"}],"wp:featuredmedia":[{"embeddable":true,"href":"https:\/\/cndl.org.br\/varejosa\/wp-json\/wp\/v2\/media\/16066"}],"wp:attachment":[{"href":"https:\/\/cndl.org.br\/varejosa\/wp-json\/wp\/v2\/media?parent=16250"}],"wp:term":[{"taxonomy":"category","embeddable":true,"href":"https:\/\/cndl.org.br\/varejosa\/wp-json\/wp\/v2\/categories?post=16250"},{"taxonomy":"post_tag","embeddable":true,"href":"https:\/\/cndl.org.br\/varejosa\/wp-json\/wp\/v2\/tags?post=16250"}],"curies":[{"name":"wp","href":"https:\/\/api.w.org\/{rel}","templated":true}]}}