{"id":16437,"date":"2022-06-22T12:02:04","date_gmt":"2022-06-22T15:02:04","guid":{"rendered":"https:\/\/cndl.org.br\/varejosasa\/?p=16437"},"modified":"2024-02-04T13:26:26","modified_gmt":"2024-02-04T16:26:26","slug":"cndl-divulga-panorama-do-comercio-de-junho","status":"publish","type":"post","link":"https:\/\/cndl.org.br\/varejosa\/cndl-divulga-panorama-do-comercio-de-junho\/","title":{"rendered":"CNDL divulga Panorama do Com\u00e9rcio de junho"},"content":{"rendered":"\n<p class=\"has-text-align-center\"><em>Vendas do com\u00e9rcio crescem pelo quarto m\u00eas seguido<\/em><\/p>\n\n\n\n<p>As vendas no com\u00e9rcio varejista no m\u00eas de abril deste ano cresceram em 4,5% comparadas ao mesmo m\u00eas do ano passado. Com rela\u00e7\u00e3o a mar\u00e7o de 2022, o aumento foi de 0,9%. As vendas no varejo ampliado tamb\u00e9m cresceram em 1,5% e 0,7% comparadas, respectivamente, a abril do ano passado e mar\u00e7o deste ano.<\/p>\n\n\n\n<p>Os dados s\u00e3o do \u00faltimo Panorama do Com\u00e9rcio, relat\u00f3rio mensal publicado pela Confedera\u00e7\u00e3o Nacional dos Dirigentes Lojistas com as principais informa\u00e7\u00f5es econ\u00f4micas sobre o setor produtivo.<\/p>\n\n\n\n<p>Segundo o Panorama, foi o quarto m\u00eas seguido registrando crescimento nas vendas do com\u00e9rcio. Os resultados deste primeiro semestre melhoram as proje\u00e7\u00f5es para os pr\u00f3ximos meses de atividade econ\u00f4mica. A proje\u00e7\u00e3o inicial que era de 0,3% passou para 0,8%<\/p>\n\n\n\n<p>O Indicador de Confian\u00e7a do Com\u00e9rcio tamb\u00e9m cresceu em maio deste ano, passando para 101,1 pontos, ante 92,9 de abril do mesmo ano. O n\u00famero, por\u00e9m ainda \u00e9 6,5% abaixo do valor de fevereiro de 2022, antes do in\u00edcio da pandemia.<\/p>\n\n\n\n<p>O Produto Interno Bruto acompanhou o crescimento do setor comercial, subindo em 1% no primeiro trimestre. No acumulado dos \u00faltimos 4 trimestres, o avan\u00e7o foi de 4,7%<\/p>\n\n\n\n<p>Confira o <a href=\"https:\/\/site.cndl.org.br\/wp-content\/uploads\/cndl\/2022\/01\/Panorama-do-Com%C3%A9rcio.pdf\">Panorama do Com\u00e9rcio<\/a> completo do m\u00eas de junho!<\/p>\n","protected":false},"excerpt":{"rendered":"<p>As vendas no com\u00e9rcio varejista no m\u00eas de abril deste ano cresceram em 4,5% comparadas ao mesmo m\u00eas do ano passado. Com rela\u00e7\u00e3o a mar\u00e7o de 2022, o aumento foi de 0,9%. As vendas no varejo ampliado tamb\u00e9m cresceram em 1,5% e 0,7% comparadas, respectivamente, a abril do ano passado e mar\u00e7o deste ano.<\/p>\n","protected":false},"author":7,"featured_media":12889,"comment_status":"open","ping_status":"open","sticky":false,"template":"","format":"standard","meta":{"footnotes":""},"categories":[26],"tags":[923,855,304,884,533],"class_list":["post-16437","post","type-post","status-publish","format-standard","has-post-thumbnail","hentry","category-negocios-e-economia","tag-indicador-de-confianca","tag-panorama-do-comercio","tag-pib","tag-varejo-ampliado","tag-vendas-no-varejo"],"_links":{"self":[{"href":"https:\/\/cndl.org.br\/varejosa\/wp-json\/wp\/v2\/posts\/16437","targetHints":{"allow":["GET"]}}],"collection":[{"href":"https:\/\/cndl.org.br\/varejosa\/wp-json\/wp\/v2\/posts"}],"about":[{"href":"https:\/\/cndl.org.br\/varejosa\/wp-json\/wp\/v2\/types\/post"}],"author":[{"embeddable":true,"href":"https:\/\/cndl.org.br\/varejosa\/wp-json\/wp\/v2\/users\/7"}],"replies":[{"embeddable":true,"href":"https:\/\/cndl.org.br\/varejosa\/wp-json\/wp\/v2\/comments?post=16437"}],"version-history":[{"count":0,"href":"https:\/\/cndl.org.br\/varejosa\/wp-json\/wp\/v2\/posts\/16437\/revisions"}],"wp:featuredmedia":[{"embeddable":true,"href":"https:\/\/cndl.org.br\/varejosa\/wp-json\/wp\/v2\/media\/12889"}],"wp:attachment":[{"href":"https:\/\/cndl.org.br\/varejosa\/wp-json\/wp\/v2\/media?parent=16437"}],"wp:term":[{"taxonomy":"category","embeddable":true,"href":"https:\/\/cndl.org.br\/varejosa\/wp-json\/wp\/v2\/categories?post=16437"},{"taxonomy":"post_tag","embeddable":true,"href":"https:\/\/cndl.org.br\/varejosa\/wp-json\/wp\/v2\/tags?post=16437"}],"curies":[{"name":"wp","href":"https:\/\/api.w.org\/{rel}","templated":true}]}}