{"id":16576,"date":"2022-07-06T16:21:55","date_gmt":"2022-07-06T19:21:55","guid":{"rendered":"https:\/\/cndl.org.br\/varejosa\/?p=16576"},"modified":"2026-01-29T10:25:14","modified_gmt":"2026-01-29T13:25:14","slug":"frente-parlamentar-discute-pautas-do-comercio-e-servicos","status":"publish","type":"post","link":"https:\/\/cndl.org.br\/varejosa\/frente-parlamentar-discute-pautas-do-comercio-e-servicos\/","title":{"rendered":"Frente Parlamentar discute pautas do com\u00e9rcio e servi\u00e7os"},"content":{"rendered":"\n<p><em>Almo\u00e7o da Frente Parlamentar de Com\u00e9rcio e Servi\u00e7os (FCS) debateu sobre quatro temas do setor, entre eles o PL 1774\/2019, que autoriza os supermercados a venderem medicamentos que dispensam receita m\u00e9dica<\/em><\/p>\n\n\n\n<p>A Frente Parlamentar de Com\u00e9rcio, Servi\u00e7os (FCS) se reuniu nesta quarta-feira (6), em Bras\u00edlia, para tratar de pautas priorit\u00e1rias para o setor.<\/p>\n\n\n\n<p>Na agenda foram discutidos principalmente o PL 1479\/2022, de autoria do Deputado Tiago Dimas (PODE-TO), que torna permanente o PEAC-Maquininha; o PLP 338\/2017, de autoria do deputado Herculano Passos (PSD\/SP), que exclui as gorjetas da receita bruta das microempresas e empresas de pequeno porte; o PL 1774\/2019, do deputado Glaustin Fokus (PSC-GO), que autoriza os supermercados e estabelecimentos similares a vender medicamentos que dispensam receita m\u00e9dica.<\/p>\n\n\n\n<p>Al\u00e9m dos deputados autores do PLs j\u00e1 citados acima, participaram da reuni\u00e3o o presidente da Frente Parlamentar, Efraim Filho (Uni\u00e3o-PB), Tiago Andrino (PSB-TO), Bibo Nunes (PL\/RS), Marcel Van Hatten ( Novo-RS), Marco Bertaiolli (PSD-SP), Alan Rick (Uni\u00e3o-AC), Paula Belmonte (Cidadania-DF), Joaquim Passarinho (PL-PA), Z\u00e9 Neto (PT-BA), Jer\u00f3nimo Goergen (PP-RS) e Soraya Manato (PTB-ES)<\/p>\n\n\n\n<p>A reuni\u00e3o contou ainda com os representantes da Uni\u00e3o Nacional da Entidades de Com\u00e9rcio e Servi\u00e7o (Unecs): Leonardo Miguel Severine (ABAD),  Paulo Solmucci J\u00fanior (ABRASEL), Danielle Alonso (ANAMACO) e George Teixeira Pinheiro (CACB).<\/p>\n\n\n\n<p>A CNDL participou do encontro com a profissional de rela\u00e7\u00f5es institucionais e governamentais, Karoline Lima.<\/p>\n","protected":false},"excerpt":{"rendered":"<p>Almo\u00e7o da Frente Parlamentar de Com\u00e9rcio e Servi\u00e7os (FCS) debateu sobre quatro temas do setor, entre eles o PL 1774\/2019, que autoriza os supermercados a venderem medicamentos que dispensam receita m\u00e9dica<\/p>\n","protected":false},"author":5,"featured_media":16577,"comment_status":"open","ping_status":"open","sticky":false,"template":"","format":"standard","meta":{"footnotes":""},"categories":[5891],"tags":[4021,695,1124,4022,3899,1107],"class_list":["post-16576","post","type-post","status-publish","format-standard","has-post-thumbnail","hentry","category-empreendedorismo","tag-bibo-nunes","tag-efraim-filho","tag-frente-parlamentar-de-comercio-e-servico","tag-glaustin-fokus","tag-paula-belmonte","tag-unecs"],"_links":{"self":[{"href":"https:\/\/cndl.org.br\/varejosa\/wp-json\/wp\/v2\/posts\/16576","targetHints":{"allow":["GET"]}}],"collection":[{"href":"https:\/\/cndl.org.br\/varejosa\/wp-json\/wp\/v2\/posts"}],"about":[{"href":"https:\/\/cndl.org.br\/varejosa\/wp-json\/wp\/v2\/types\/post"}],"author":[{"embeddable":true,"href":"https:\/\/cndl.org.br\/varejosa\/wp-json\/wp\/v2\/users\/5"}],"replies":[{"embeddable":true,"href":"https:\/\/cndl.org.br\/varejosa\/wp-json\/wp\/v2\/comments?post=16576"}],"version-history":[{"count":0,"href":"https:\/\/cndl.org.br\/varejosa\/wp-json\/wp\/v2\/posts\/16576\/revisions"}],"wp:featuredmedia":[{"embeddable":true,"href":"https:\/\/cndl.org.br\/varejosa\/wp-json\/wp\/v2\/media\/16577"}],"wp:attachment":[{"href":"https:\/\/cndl.org.br\/varejosa\/wp-json\/wp\/v2\/media?parent=16576"}],"wp:term":[{"taxonomy":"category","embeddable":true,"href":"https:\/\/cndl.org.br\/varejosa\/wp-json\/wp\/v2\/categories?post=16576"},{"taxonomy":"post_tag","embeddable":true,"href":"https:\/\/cndl.org.br\/varejosa\/wp-json\/wp\/v2\/tags?post=16576"}],"curies":[{"name":"wp","href":"https:\/\/api.w.org\/{rel}","templated":true}]}}