{"id":1660,"date":"2020-01-27T11:51:00","date_gmt":"2020-01-27T13:51:00","guid":{"rendered":"https:\/\/cndl.org.br\/varejosa\/?p=1660"},"modified":"2024-03-07T20:39:12","modified_gmt":"2024-03-07T23:39:12","slug":"edson-freitas-bezerra","status":"publish","type":"post","link":"https:\/\/cndl.org.br\/varejosa\/edson-freitas-bezerra\/","title":{"rendered":"Edson Freitas Bezerra"},"content":{"rendered":"\n<p>Edson Freitas Bezerra \u00e9 natural de Boa Vista. Foi de l\u00e1 que ele recebeu toda a sua forma\u00e7\u00e3o de comerciante, acompanhando, desde os sete anos de idade, a administra\u00e7\u00e3o da pequena loja da fam\u00edlia, um com\u00e9rcio do tipo \u201ctem de tudo\u201d instalado na capital de Roraima. N\u00e3o tardou para que montasse seu pr\u00f3prio neg\u00f3cio e, com o tempo, se interessasse pelo movimento associativista.<\/p>\n\n\n\n<p>Entrou para a Associa\u00e7\u00e3o Comercial, integrou o movimento Jovem Empres\u00e1rio no munic\u00edpio e finalmente foi convidado para participar da C\u00e2mara de Dirigentes Lojistas (CDL) que se formava em Boa Vista. Hoje, pertence \u00e0 diretoria da Confedera\u00e7\u00e3o Nacional de Dirigentes Lojistas (CNDL) e trabalha firme para ampliar o n\u00famero de CDLs no seu estado. Trocamos uma palavrinha com essa importante lideran\u00e7a lojista do Norte do pa\u00eds. Confira como foi a conversa.<\/p>\n\n\n\n<p><strong>Como voc\u00ea come\u00e7ou no varejo?<\/strong><\/p>\n\n\n\n<p>Eu sou membro de uma fam\u00edlia varejista. Desde os sete anos de idade, acompanhava a loja dos meus pais, um com\u00e9rcio de variedade e roupas, a Casa Buriti. Em 1988, abrimos outro com\u00e9rcio, desta vez de materiais de constru\u00e7\u00e3o e el\u00e9tricos. Hoje, eu tenho minha pr\u00f3pria empresa de representa\u00e7\u00e3o e distribui\u00e7\u00e3o de materiais el\u00e9tricos, a FB Representa\u00e7\u00f5es.<\/p>\n\n\n\n<p><strong>O que despertou seu interesse pelo movimento associativista?<\/strong><\/p>\n\n\n\n<p>Acompanhei um momento de grande insatisfa\u00e7\u00e3o por parte dos empres\u00e1rios de Roraima. A quest\u00e3o \u00e9 comum a v\u00e1rios munic\u00edpios brasileiros: ach\u00e1vamos que precis\u00e1vamos de mais representatividade. Foi a\u00ed que comecei a me envolver com a Associa\u00e7\u00e3o Comercial de Boa Vista. Acabei me tornando diretor dela e presidente do Conselho Jovem. Enfim, quando vi, estava completamente envolvido nas causas ligadas ao com\u00e9rcio e varejo.<\/p>\n\n\n\n<p><strong>Foi nesse momento que voc\u00ea foi chamado para participar da CDL?<\/strong><\/p>\n\n\n\n<p>Sim. Nesse tempo, a CDL da cidade estava dando seus primeiros passos, formando as primeiras lideran\u00e7as, criando sua estrutura. Talvez pelo meu desempenho frente ao movimento lojista da cidade, despertei aten\u00e7\u00e3o e fui convidado a integrar a c\u00e2mara.<\/p>\n\n\n\n<p><strong>Como foi sua experi\u00eancia na CDL de Roraima?<\/strong><\/p>\n\n\n\n<p>Foi um desafio muito grande, porque eu era muito novo e encontrei uma CDL que estava em uma situa\u00e7\u00e3o bastante delicada, praticamente fechada. Foi quando tivemos uma interven\u00e7\u00e3o e organizamos novas elei\u00e7\u00f5es. Coube a mim, ap\u00f3s o apelo dos nossos associados, assumir a Presid\u00eancia. Ent\u00e3o, foi uma experi\u00eancia de reconstru\u00e7\u00e3o e reestrutura\u00e7\u00e3o da entidade.<\/p>\n\n\n\n<p><strong>Que import\u00e2ncia voc\u00ea v\u00ea no trabalho de uma CDL em uma comunidade?<\/strong><\/p>\n\n\n\n<p>A CDL tem grande relev\u00e2ncia. \u00c9 um movimento que sempre leva ao empreendedor ferramentas para que ele se desenvolva. Veja os programas que desenvolvemos e levam forma\u00e7\u00e3o e qualifica\u00e7\u00e3o ao dirigente lojista. Esse tipo de iniciativa ajuda a construir um ambiente com equil\u00edbrio e mais participativo.<\/p>\n\n\n\n<p><strong>Voc\u00ea est\u00e1 falando de programas como o Pol\u00edticas P\u00fablicas 4.0 (PP 4.0)?<\/strong><\/p>\n\n\n\n<p>Sim! Esse \u00e9 um bom exemplo. Trata-se de um programa maravilhoso desenvolvido pela CNDL, mas que s\u00f3 alcan\u00e7a seu objetivo com o apoio das CDLs. N\u00f3s, de Boa Vista, fomos contemplados com a visita do PP 4.0 e tivemos grande receptividade da classe empresarial, de representantes do Executivo, do Legislativo. Ali, discutimos pontos importantes, como a reforma do Estado, a desburocratiza\u00e7\u00e3o, a simplifica\u00e7\u00e3o dos impostos etc. S\u00e3o quest\u00f5es de relev\u00e2ncia para o cidad\u00e3o e que s\u00f3 chegam \u00e0 ponta com a ajuda de entidades de classe. Nesse sentido, as CDLs cumprem bem o seu papel.<\/p>\n\n\n\n<p><strong><br>O que a CDL de Boa Vista est\u00e1 preparando para 2020?<\/strong><\/p>\n\n\n\n<p>Temos um grande desafio para este ano. Roraima \u00e9 um dos \u00fanicos estados do Brasil que possuem apenas uma CDL. Nosso objetivo \u00e9 organizar a cria\u00e7\u00e3o de pelo menos mais quatro entidades. Assim, poderemos criar um CPF para fundar a federa\u00e7\u00e3o de Roraima.&nbsp;&nbsp;<\/p>\n\n\n\n<p><strong>Como voc\u00ea avalia a atua\u00e7\u00e3o da CNDL nos \u00faltimos anos?<\/strong><\/p>\n\n\n\n<p>O que constatamos nas reuni\u00f5es de diretoria \u00e9 que, a cada gest\u00e3o da entidade, h\u00e1 uma evolu\u00e7\u00e3o. No mandato de Jos\u00e9 C\u00e9sar da Costa, temos visto um fortalecimento muito grande da CNDL. Isso tem sido feito com a promo\u00e7\u00e3o da uni\u00e3o e o engajamento do sistema. Os encontros das lideran\u00e7as varejistas mostram isso. Tem havido mais participa\u00e7\u00e3o, com debates construtivos. \u00c9 assim que se constr\u00f3i um ambiente saud\u00e1vel para ajudar a construir um Brasil melhor.&nbsp;<\/p>\n","protected":false},"excerpt":{"rendered":"<p>Edson Freitas Bezerra \u00e9 natural de Boa Vista. Foi de l\u00e1 que ele recebeu toda a sua forma\u00e7\u00e3o de comerciante, acompanhando, desde os sete anos [&hellip;]<\/p>\n","protected":false},"author":7,"featured_media":1661,"comment_status":"open","ping_status":"open","sticky":false,"template":"","format":"standard","meta":{"footnotes":""},"categories":[1836],"tags":[1293,5096],"class_list":["post-1660","post","type-post","status-publish","format-standard","has-post-thumbnail","hentry","category-marketing-e-vendas","tag-1293","tag-perfil"],"_links":{"self":[{"href":"https:\/\/cndl.org.br\/varejosa\/wp-json\/wp\/v2\/posts\/1660","targetHints":{"allow":["GET"]}}],"collection":[{"href":"https:\/\/cndl.org.br\/varejosa\/wp-json\/wp\/v2\/posts"}],"about":[{"href":"https:\/\/cndl.org.br\/varejosa\/wp-json\/wp\/v2\/types\/post"}],"author":[{"embeddable":true,"href":"https:\/\/cndl.org.br\/varejosa\/wp-json\/wp\/v2\/users\/7"}],"replies":[{"embeddable":true,"href":"https:\/\/cndl.org.br\/varejosa\/wp-json\/wp\/v2\/comments?post=1660"}],"version-history":[{"count":0,"href":"https:\/\/cndl.org.br\/varejosa\/wp-json\/wp\/v2\/posts\/1660\/revisions"}],"wp:featuredmedia":[{"embeddable":true,"href":"https:\/\/cndl.org.br\/varejosa\/wp-json\/wp\/v2\/media\/1661"}],"wp:attachment":[{"href":"https:\/\/cndl.org.br\/varejosa\/wp-json\/wp\/v2\/media?parent=1660"}],"wp:term":[{"taxonomy":"category","embeddable":true,"href":"https:\/\/cndl.org.br\/varejosa\/wp-json\/wp\/v2\/categories?post=1660"},{"taxonomy":"post_tag","embeddable":true,"href":"https:\/\/cndl.org.br\/varejosa\/wp-json\/wp\/v2\/tags?post=1660"}],"curies":[{"name":"wp","href":"https:\/\/api.w.org\/{rel}","templated":true}]}}