{"id":16661,"date":"2022-07-18T10:16:17","date_gmt":"2022-07-18T13:16:17","guid":{"rendered":"https:\/\/cndl.org.br\/varejosasa\/?p=16661"},"modified":"2024-02-04T13:26:25","modified_gmt":"2024-02-04T16:26:25","slug":"6-em-cada-10-empreendedores-estao-confiantes-com-o-futuro-da-empresa","status":"publish","type":"post","link":"https:\/\/cndl.org.br\/varejosa\/6-em-cada-10-empreendedores-estao-confiantes-com-o-futuro-da-empresa\/","title":{"rendered":"6 em cada 10 empreendedores est\u00e3o confiantes com o futuro da empresa"},"content":{"rendered":"\n<p class=\"has-text-align-center\"><em>Apesar do otimismo, levantamento do Sebrae e da FGV mostra que donos de pequenos neg\u00f3cios de servi\u00e7o de alimenta\u00e7\u00e3o, moda e log\u00edstica e transporte s\u00e3o os mais preocupados.<\/em><\/p>\n\n\n\n<p>Seis em cada dez empreendedores est\u00e3o confiantes com o futuro da empresa, aponta a 14\u00aa Pesquisa de Impacto da Pandemia de Coronav\u00edrus nos Pequenos Neg\u00f3cios, feita pelo Sebrae e pela Funda\u00e7\u00e3o Get\u00falio Vargas (FGV) com mais de 13 mil donos de pequenos neg\u00f3cios no Brasil.<\/p>\n\n\n\n<p>Mas existem n\u00edveis de confian\u00e7a dentro dessa parcela otimista: 24% dos entrevistados est\u00e3o conformados com a crise, 19% se sentem aliviados e mant\u00eam esperan\u00e7as para o futuro e s\u00f3 16% se sentem animados para os pr\u00f3ximos meses.<\/p>\n\n\n\n<p>Os mais confiantes s\u00e3o os empreendedores dos setores de ind\u00fastria de base de tecnologia e do agroneg\u00f3cio, devido \u00e0 demanda cont\u00ednua de seus servi\u00e7os e produtos.<\/p>\n\n\n\n<p><strong>Mas \u00e9 preciso olhar os aflitos<br><\/strong>Apesar de ser dominante, o otimismo caiu um pouco desde o final de 2021. Os donos de neg\u00f3cio que est\u00e3o preocupados com o futuro somam 41% dos entrevistados. No fim do ano passado, eles representavam 39%.<\/p>\n\n\n\n<p>A pesquisa reflete o cen\u00e1rio incerto para o empreendedor brasileiro, aponta o analista de Competitividade do Sebrae, Alberto Vallim. &#8220;\u00c9 um sinal de que a maioria est\u00e1 em situa\u00e7\u00e3o melhor do que os tempos dif\u00edceis em 2020 e 2021, durante a pandemia. No entanto, \u00e9 um sinal de alerta porque \u00e9 um indicador que vinha melhorando ao longo dos \u00faltimos dois anos, mas voltou a ter uma piora agora nessa pesquisa&#8221;, comentou em nota.<\/p>\n\n\n\n<p>Os mais aflitos s\u00e3o os empres\u00e1rios dos ramos de servi\u00e7o de alimenta\u00e7\u00e3o (50%), com\u00e9rcio varejista da moda (47%) e log\u00edstica e transporte (45%). De acordo com Vallim, esses segmentos s\u00e3o os que mais sentem o aumento da energia e dos combust\u00edveis, principalmente o setor de log\u00edstica.<\/p>\n\n\n\n<p><strong>Sai a pandemia, entra a infla\u00e7\u00e3o<br><\/strong>Se nos dois \u00faltimos anos a pandemia foi o maior motivo de preocupa\u00e7\u00e3o dos empreendedores, agora passou a ser o aumento dos custos e a falta de clientes.<\/p>\n\n\n\n<p>&#8220;Os efeitos diretos da pandemia j\u00e1 n\u00e3o s\u00e3o a maior preocupa\u00e7\u00e3o, mas os efeitos econ\u00f4micos oriundos de outros fatores, como infla\u00e7\u00e3o, recess\u00e3o em outros pa\u00edses do mundo, aumento da taxa de juros e impactos da oscila\u00e7\u00e3o em algumas cadeias globais de fornecimento&#8221;, diz Vallim.<\/p>\n\n\n\n<p>Fonte: G1 <\/p>\n","protected":false},"excerpt":{"rendered":"<p>Seis em cada dez empreendedores est\u00e3o confiantes com o futuro da empresa, aponta a 14\u00aa Pesquisa de Impacto da Pandemia de Coronav\u00edrus nos Pequenos Neg\u00f3cios, feita pelo Sebrae e pela Funda\u00e7\u00e3o Get\u00falio Vargas (FGV) com mais de 13 mil donos de pequenos neg\u00f3cios no Brasil.<\/p>\n","protected":false},"author":7,"featured_media":16672,"comment_status":"open","ping_status":"open","sticky":false,"template":"","format":"standard","meta":{"footnotes":""},"categories":[26],"tags":[445,267,959,289],"class_list":["post-16661","post","type-post","status-publish","format-standard","has-post-thumbnail","hentry","category-negocios-e-economia","tag-empreendedores","tag-fgv","tag-futuro-da-empresa","tag-sebrae"],"_links":{"self":[{"href":"https:\/\/cndl.org.br\/varejosa\/wp-json\/wp\/v2\/posts\/16661","targetHints":{"allow":["GET"]}}],"collection":[{"href":"https:\/\/cndl.org.br\/varejosa\/wp-json\/wp\/v2\/posts"}],"about":[{"href":"https:\/\/cndl.org.br\/varejosa\/wp-json\/wp\/v2\/types\/post"}],"author":[{"embeddable":true,"href":"https:\/\/cndl.org.br\/varejosa\/wp-json\/wp\/v2\/users\/7"}],"replies":[{"embeddable":true,"href":"https:\/\/cndl.org.br\/varejosa\/wp-json\/wp\/v2\/comments?post=16661"}],"version-history":[{"count":0,"href":"https:\/\/cndl.org.br\/varejosa\/wp-json\/wp\/v2\/posts\/16661\/revisions"}],"wp:featuredmedia":[{"embeddable":true,"href":"https:\/\/cndl.org.br\/varejosa\/wp-json\/wp\/v2\/media\/16672"}],"wp:attachment":[{"href":"https:\/\/cndl.org.br\/varejosa\/wp-json\/wp\/v2\/media?parent=16661"}],"wp:term":[{"taxonomy":"category","embeddable":true,"href":"https:\/\/cndl.org.br\/varejosa\/wp-json\/wp\/v2\/categories?post=16661"},{"taxonomy":"post_tag","embeddable":true,"href":"https:\/\/cndl.org.br\/varejosa\/wp-json\/wp\/v2\/tags?post=16661"}],"curies":[{"name":"wp","href":"https:\/\/api.w.org\/{rel}","templated":true}]}}