{"id":16697,"date":"2022-07-21T11:06:05","date_gmt":"2022-07-21T14:06:05","guid":{"rendered":"https:\/\/cndl.org.br\/varejosa\/?p=16697"},"modified":"2024-02-04T17:05:41","modified_gmt":"2024-02-04T20:05:41","slug":"cdl-blumenau-56-anos-de-associativismo","status":"publish","type":"post","link":"https:\/\/cndl.org.br\/varejosa\/cdl-blumenau-56-anos-de-associativismo\/","title":{"rendered":"CDL Blumenau: 56 anos de associativismo"},"content":{"rendered":"\n<p><em>Por Eduardo Soares*<\/em><\/p>\n\n\n\n<p>Toda hist\u00f3ria \u00e9 uma soma de ousadia, coragem e determina\u00e7\u00e3o. Entre o que passou e o futuro, h\u00e1 uma trajet\u00f3ria de muito trabalho, desafios e dedica\u00e7\u00e3o. Assim \u00e9 a CDL Blumenau, que est\u00e1 celebrando 56 anos neste dia 22 de julho.<\/p>\n\n\n\n<p>Ao longo destas d\u00e9cadas, trabalhamos firmes em defesa do com\u00e9rcio e do setor de servi\u00e7os. Tornamos a CDL Blumenau uma verdadeira central de solu\u00e7\u00f5es, viabilizando um ambiente de neg\u00f3cios mais pr\u00f3spero e possibilitando mais competitividade nos setores que representamos, especialmente o com\u00e9rcio e servi\u00e7os.<\/p>\n\n\n\n<p>Hoje somos a segunda maior CDL de santa Catarina, com 1800 associados ativos. Nosso sucesso \u00e9 resultado de um trabalho s\u00e9rio e comprometido, regido por um trip\u00e9 de governan\u00e7a corporativa, composto por associativismo, representatividade e benef\u00edcios econ\u00f4micos<\/p>\n\n\n\n<p>Para chegar at\u00e9 aqui, em meio a tantos desafios superados e conquistas, contamos com uma grande rede de apoio. Primeiro, o nosso associado, que confia em nosso trabalho e sente no dia a dia as vantagens em fazer parte do associativismo.<\/p>\n\n\n\n<p>Nesta grande rede, h\u00e1 as in\u00fameras parcerias, que s\u00e3o essenciais para que possamos desenvolver o nosso trabalho e defender o interesse dos associados. Destaco aqui os poderes legislativo e executivo da nossa cidade, que tem nos procurado para discutir leis e a\u00e7\u00f5es que podem impactar no varejo, as for\u00e7as de seguran\u00e7a e as entidades ligadas ao com\u00e9rcio.<\/p>\n\n\n\n<p>Contamos ainda com um grupo de diretores e diretoras, que voluntariamente se envolvem nas a\u00e7\u00f5es da entidade, que t\u00eam sempre um grande prop\u00f3sito: tornar o varejo mais justo, s\u00f3lido, competitivo e pujante. E, claro, a equipe de colaboradores, que diariamente atende as demandas dos associados.<\/p>\n\n\n\n<p>Tudo isso dentro de um sistema contemplado pela Confedera\u00e7\u00e3o Nacional dos Dirigentes Lojistas (CNDL), pelo Servi\u00e7o Nacional de Prote\u00e7\u00e3o ao Cr\u00e9dito (SPC Brasil), a Federa\u00e7\u00e3o das C\u00e2mras de Dirigentes Lojistas (FCDL SC) e a CDL Jovem. Sem esse amplo sistema, n\u00e3o ter\u00edamos a for\u00e7a necess\u00e1ria para algumas a\u00e7\u00f5es e cobran\u00e7as, como as altera\u00e7\u00f5es em legisla\u00e7\u00f5es estaduais e federais.<\/p>\n\n\n\n<p>Na CDL Blumenau, acreditamos que juntos \u00e9 poss\u00edvel criar prop\u00f3sitos e caminhos para crescer e fortalecer pessoas e neg\u00f3cios. Afinal, associativismo \u00e9 o que nos move. \u00c9 por isso que somos grandes e fortes.<\/p>\n\n\n\n<p>Estamos prontos para seguir em frente, conectados com o passado, vivendo o presente e preparados para o novo mundo que o futuro nos reserva. Foram muitas realiza\u00e7\u00f5es nesses 56 anos e a certeza de que continuaremos fazendo muito mais.<\/p>\n\n\n\n<p>*<em>Eduardo Soares \u00e9 presidente da CDL Blumenau<\/em>.<\/p>\n","protected":false},"excerpt":{"rendered":"<p>Toda hist\u00f3ria \u00e9 uma soma de ousadia, coragem e determina\u00e7\u00e3o. Entre o que passou e o futuro, h\u00e1 uma trajet\u00f3ria de muito trabalho, desafios e dedica\u00e7\u00e3o. Assim \u00e9 a CDL Blumenau, que est\u00e1 celebrando 56 anos neste dia 22 de julho.<\/p>\n","protected":false},"author":18,"featured_media":16698,"comment_status":"open","ping_status":"open","sticky":false,"template":"","format":"standard","meta":{"footnotes":""},"categories":[1371],"tags":[3347,4626,341,2904,1796],"class_list":["post-16697","post","type-post","status-publish","format-standard","has-post-thumbnail","hentry","category-noticias-cndl","tag-associativismo","tag-cdl-blumenau","tag-economia","tag-proposito","tag-representatividade"],"_links":{"self":[{"href":"https:\/\/cndl.org.br\/varejosa\/wp-json\/wp\/v2\/posts\/16697","targetHints":{"allow":["GET"]}}],"collection":[{"href":"https:\/\/cndl.org.br\/varejosa\/wp-json\/wp\/v2\/posts"}],"about":[{"href":"https:\/\/cndl.org.br\/varejosa\/wp-json\/wp\/v2\/types\/post"}],"author":[{"embeddable":true,"href":"https:\/\/cndl.org.br\/varejosa\/wp-json\/wp\/v2\/users\/18"}],"replies":[{"embeddable":true,"href":"https:\/\/cndl.org.br\/varejosa\/wp-json\/wp\/v2\/comments?post=16697"}],"version-history":[{"count":0,"href":"https:\/\/cndl.org.br\/varejosa\/wp-json\/wp\/v2\/posts\/16697\/revisions"}],"wp:featuredmedia":[{"embeddable":true,"href":"https:\/\/cndl.org.br\/varejosa\/wp-json\/wp\/v2\/media\/16698"}],"wp:attachment":[{"href":"https:\/\/cndl.org.br\/varejosa\/wp-json\/wp\/v2\/media?parent=16697"}],"wp:term":[{"taxonomy":"category","embeddable":true,"href":"https:\/\/cndl.org.br\/varejosa\/wp-json\/wp\/v2\/categories?post=16697"},{"taxonomy":"post_tag","embeddable":true,"href":"https:\/\/cndl.org.br\/varejosa\/wp-json\/wp\/v2\/tags?post=16697"}],"curies":[{"name":"wp","href":"https:\/\/api.w.org\/{rel}","templated":true}]}}