{"id":16739,"date":"2022-07-25T11:23:28","date_gmt":"2022-07-25T14:23:28","guid":{"rendered":"https:\/\/cndl.org.br\/varejosa\/?p=16739"},"modified":"2024-02-04T17:05:25","modified_gmt":"2024-02-04T20:05:25","slug":"cdl-blumenau-e-cdl-jovem-celebram-aniversario-de-fundacao","status":"publish","type":"post","link":"https:\/\/cndl.org.br\/varejosa\/cdl-blumenau-e-cdl-jovem-celebram-aniversario-de-fundacao\/","title":{"rendered":"CDL Blumenau e CDL Jovem celebram anivers\u00e1rio de funda\u00e7\u00e3o"},"content":{"rendered":"\n<div class=\"wp-block-image\"><figure class=\"alignleft size-large is-resized\"><a href=\"https:\/\/cndl.org.br\/varejosa\/wp-content\/uploads\/2022\/07\/04-posse-conselho.jpg\"><img loading=\"lazy\" decoding=\"async\" src=\"https:\/\/cndl.org.br\/varejosa\/wp-content\/uploads\/2022\/07\/04-posse-conselho-1024x683.jpg\" alt=\"\" class=\"wp-image-16742\" width=\"295\" height=\"196\" srcset=\"https:\/\/cndl.org.br\/varejosa\/wp-content\/uploads\/2022\/07\/04-posse-conselho-1024x683.jpg 1024w, https:\/\/cndl.org.br\/varejosa\/wp-content\/uploads\/2022\/07\/04-posse-conselho-300x200.jpg 300w, https:\/\/cndl.org.br\/varejosa\/wp-content\/uploads\/2022\/07\/04-posse-conselho-768x512.jpg 768w, https:\/\/cndl.org.br\/varejosa\/wp-content\/uploads\/2022\/07\/04-posse-conselho-1536x1024.jpg 1536w\" sizes=\"auto, (max-width: 295px) 100vw, 295px\" \/><\/a><figcaption><em>Posse do Conselho Fiscal da CDL Blumenau<\/em><\/figcaption><\/figure><\/div>\n\n\n\n<p>A noite desta sexta-feira (22) foi de celebra\u00e7\u00f5es para a CDL Blumenau, que completou 56 anos de hist\u00f3ria, e para o n\u00facleo CDL Jovem Blumenau, que completa 10 anos de funda\u00e7\u00e3o no dia 31 de julho. Na oportunidade, tamb\u00e9m ocorreu a posse oficial da diretoria da CDL Blumenau, gest\u00e3o 2021 \u2013 2023, bem como da coordena\u00e7\u00e3o da CDL Jovem, gest\u00e3o 2022. O evento foi realizado no restaurante Moinho do Vale e reuniu mais de 200 pessoas.<\/p>\n\n\n\n<p>Entre as autoridades presentes estavam o prefeito de Blumenau M\u00e1rio Hildebrandt, a vice-prefeita Maria Regina Soar, o presidente do SPC Brasil, Roque Pellizzaro Junior, o presidente da CDL de Nova Trento e diretor da Confedera\u00e7\u00e3o Nacional Dos Dirigentes Lojistas (CNDL), Onildo Dalbosco J\u00fanior, que representou o presidente da CNDL, Jos\u00e9 C\u00e9sar da Costa, e o vice-presidente de Aperfei\u00e7oamento Empresarial e CDL Jovem da Federa\u00e7\u00e3o das C\u00e2maras de Dirigentes Lojistas de Santa Catarina (FCDL SC), Neivor Jos\u00e9 Bussolaro, representando presidente da FCDL, Ivan Roberto Tauffer.<\/p>\n\n\n\n<p>Participaram tamb\u00e9m autoridades da seguran\u00e7a p\u00fablica, presidentes e representantes de CDLs catarinenses, presidentes de associa\u00e7\u00f5es comerciais e empresariais de Blumenau, al\u00e9m de associados \u00e0 CDL Blumenau, diretoria e colaboradores.<\/p>\n\n\n\n<p><strong>CDL Blumenau 56 anos<\/strong><br>O evento iniciou relembrando a hist\u00f3ria dos 56 anos da CDL da Blumenau, desde a sua funda\u00e7\u00e3o, em 22 de julho de 1966, at\u00e9 2022. Movida pelo associativismo, a entidade trabalha em coopera\u00e7\u00e3o para alcan\u00e7ar os objetivos comuns dos associados. Com o apoio de todos, a CDL se tornou uma central de solu\u00e7\u00f5es, viabilizando um ambiente de neg\u00f3cios mais pr\u00f3spero e possibilitando mais competitividade nos setores que ela representa.<\/p>\n\n\n\n<p>A CDL Blumenau \u00e9 uma das maiores entidades empresariais de Santa Catarina, com 1800 associados. O sucesso \u00e9 resultado de um trabalho s\u00e9rio e comprometido, regido por um trip\u00e9 de governan\u00e7a corporativa, composto por associativismo, representatividade e benef\u00edcios econ\u00f4micos.<\/p>\n\n\n\n<p>O quadro associativista da entidade \u00e9 composto por empres\u00e1rios de lojas, centros comerciais, microempreendedores individuais, prestadores de servi\u00e7os e profissionais liberais. \u201cAqui, acreditamos que juntos \u00e9 poss\u00edvel criar prop\u00f3sitos e caminhos para crescer e fortalecer pessoas e neg\u00f3cios\u201d, afirma o presidente da CDL Blumenau, Eduardo Soares.<\/p>\n\n\n\n<div class=\"wp-block-image\"><figure class=\"alignright size-large is-resized\"><a href=\"https:\/\/cndl.org.br\/varejosa\/wp-content\/uploads\/2022\/07\/05-Posse-CDL-Jovem.jpg\"><img loading=\"lazy\" decoding=\"async\" src=\"https:\/\/cndl.org.br\/varejosa\/wp-content\/uploads\/2022\/07\/05-Posse-CDL-Jovem-1024x683.jpg\" alt=\"\" class=\"wp-image-16741\" width=\"363\" height=\"240\"\/><\/a><figcaption><em>O time da CDL Jovem que tomou posse na \u00faltima semana<\/em><\/figcaption><\/figure><\/div>\n\n\n\n<p><strong>CDL Jovem Blumenau 10 anos<\/strong><br>Fundada em 31 de julho de 2012, a CDL Jovem Blumenau tem como miss\u00e3o desenvolver novas lideran\u00e7as, impulsionar os neg\u00f3cios, promover networking e realizar cursos e workshops para a qualifica\u00e7\u00e3o profissional. Calcada no associativismo, a CDL Jovem vem cumprindo com sua miss\u00e3o de contribuir com o desenvolvimento e fortalecimento de novos neg\u00f3cios e de empreendedores.<br>Na oportunidade foram homenageados os ex-coordenadores da CDL Jovem, bem como o presidente da CDL Blumenau de 2010 a 2014, Paulo C\u00e9sar Lopes, que foi um dos grandes incentivadores da cria\u00e7\u00e3o do n\u00facleo jovem.<\/p>\n\n\n\n<p>Subiram ao palco para receber a homenagem: Cleber Roberto Waldrich, coordenador de 2013 a 2014, Jansle Jeffrey Kreutzfeld, coordenador de 2016 a 2018, e Jefferson Godoy, coordenador no ano de 2019, al\u00e9m de Paulo C\u00e9sar Lopes.<br>N\u00e3o puderem estar no evento, mas fizeram parte dessa hist\u00f3ria: Saulo Della Giustina, que foi o primeiro coordenador da CDL Jovem, entre 2012 e 2013, Juliana Pfau, coordenadora de 2014 a 2015, e Rodrigo da Silva, coordenador de 2020 a 2021.<\/p>\n\n\n\n<p><strong>Posse<\/strong><br>Durante o ato de posse da diretoria da CDL Blumenau, gest\u00e3o 2021 \u2013 2023, o presidente Eduardo Soares, recebeu do presidente que deixou o cargo, Helio Roncaglio, e do representante da FCDL SC, Neivor Jos\u00e9 Bussolaro, o certificado e o distintivo que cont\u00e9m a grava\u00e7\u00e3o do s\u00edmbolo que representa o movimento lojista nacional ao novo presidente.<\/p>\n\n\n\n<p>Em seguida, Soares fez seu juramento, onde prometeu cumprir fiel e integralmente o que determina os estatutos da FCDL SC e da CDL Blumenau, de forma democr\u00e1tica e \u00e9tica, al\u00e9m de defender os interesses da CDL e seus associados, contribuindo para o fortalecimento do varejo e para o desenvolvimento da sociedade blumenauense.<br>Ap\u00f3s, o presidente empossado, Eduardo Soares, deu posse a sua diretoria, ao Conselho Fiscal da entidade e a coordena\u00e7\u00e3o da CDL Jovem no ano de 2022.<\/p>\n\n\n\n<p><strong>Diretoria da CDL Blumenau \u2013 gest\u00e3o 2021 a 2023<\/strong><br>Presidente: Eduardo Carvalho Soares (Duca M\u00f3veis)<br>Vice-Presidente: Antonio Bittelbrunn Junior (Organizar Eventos)<br>Diretor Financeiro: Paulo Cesar Lopes Filho (Supermercado Central)<br>Diretor de Patrim\u00f4nio e Secret\u00e1rio: Ewald Fischer Neto (Construcolor)<br>Diretor de SPC: Helio Roberto Roncaglio (Maina Bis)<br>Diretora Comercial: Marcianita Tomio (Comercial Tomio)<br>Diretor de Rela\u00e7\u00f5es Institucionais: Gabriel Jacinto (Jacinto Im\u00f3veis)<br>Diretora de Treinamentos: Cristiane Taiane da Silva (Blubel Esportes)<br>Diretor Social e de Eventos: Fernando Fallgatter (Track &amp; Field)<br>Diretora de Desenvolvimento: Priscila Emanuela da Silva Ferreira (Joalheria Celso)<br>Diretor de Inova\u00e7\u00e3o e Tecnologia: Jansle Jeffrey Kreutzfeld (Usine Solu\u00e7\u00f5es Industriais)<\/p>\n\n\n\n<p><strong>Conselho Fiscal \u2013 efetivo<\/strong><br>Jo\u00e3o Wolfgang Rausch (Construcon Materiais de Constru\u00e7\u00e3o)<br>Marcelino Campos (S\u00f3 Phones Telecomunica\u00e7\u00f5es)<br>S\u00e9rgio Fernando Hess de Souza (Hess &amp; Arend Advogados Associados)<\/p>\n\n\n\n<p><strong>Conselho Fiscal \u2013 suplentes<\/strong><br>Arnei Tomio (Relojoaria e \u00d3tica Tomio)<br>C\u00e9lio Renato Herkenhoff (Loja Herkenhoff)<br>Rodrigo da Silva (Grupo RVG Multieventos)<\/p>\n\n\n\n<p><strong>CDL Jovem<\/strong><br>Coordenador: Kleiton Stiven Finger (Protec Monitoramento Eletr\u00f4nico)<br>Vice-coordenadora: Michele Christie Loppnow Meurer (2M Consultoria de Seguros)<\/p>\n\n\n\n<p><em>Fonte: CDL Blumenau<\/em><br><em>Fotos: Daniel Zimmermann<\/em><\/p>\n","protected":false},"excerpt":{"rendered":"<p>Na oportunidade, tamb\u00e9m ocorreu a posse oficial da diretoria da CDL Blumenau, gest\u00e3o 2021 \u2013 2023, bem como da coordena\u00e7\u00e3o da CDL Jovem, gest\u00e3o 2022.<\/p>\n","protected":false},"author":18,"featured_media":16740,"comment_status":"closed","ping_status":"closed","sticky":false,"template":"","format":"standard","meta":{"footnotes":""},"categories":[1371],"tags":[4626,4543],"class_list":["post-16739","post","type-post","status-publish","format-standard","has-post-thumbnail","hentry","category-noticias-cndl","tag-cdl-blumenau","tag-cdl-jovem-blumenau"],"_links":{"self":[{"href":"https:\/\/cndl.org.br\/varejosa\/wp-json\/wp\/v2\/posts\/16739","targetHints":{"allow":["GET"]}}],"collection":[{"href":"https:\/\/cndl.org.br\/varejosa\/wp-json\/wp\/v2\/posts"}],"about":[{"href":"https:\/\/cndl.org.br\/varejosa\/wp-json\/wp\/v2\/types\/post"}],"author":[{"embeddable":true,"href":"https:\/\/cndl.org.br\/varejosa\/wp-json\/wp\/v2\/users\/18"}],"replies":[{"embeddable":true,"href":"https:\/\/cndl.org.br\/varejosa\/wp-json\/wp\/v2\/comments?post=16739"}],"version-history":[{"count":0,"href":"https:\/\/cndl.org.br\/varejosa\/wp-json\/wp\/v2\/posts\/16739\/revisions"}],"wp:featuredmedia":[{"embeddable":true,"href":"https:\/\/cndl.org.br\/varejosa\/wp-json\/wp\/v2\/media\/16740"}],"wp:attachment":[{"href":"https:\/\/cndl.org.br\/varejosa\/wp-json\/wp\/v2\/media?parent=16739"}],"wp:term":[{"taxonomy":"category","embeddable":true,"href":"https:\/\/cndl.org.br\/varejosa\/wp-json\/wp\/v2\/categories?post=16739"},{"taxonomy":"post_tag","embeddable":true,"href":"https:\/\/cndl.org.br\/varejosa\/wp-json\/wp\/v2\/tags?post=16739"}],"curies":[{"name":"wp","href":"https:\/\/api.w.org\/{rel}","templated":true}]}}