{"id":1676,"date":"2019-04-02T13:19:00","date_gmt":"2019-04-02T16:19:00","guid":{"rendered":"https:\/\/cndl.org.br\/varejosa\/?p=1676"},"modified":"2024-03-07T20:40:14","modified_gmt":"2024-03-07T23:40:14","slug":"jose-de-oliveira-barboza","status":"publish","type":"post","link":"https:\/\/cndl.org.br\/varejosa\/jose-de-oliveira-barboza\/","title":{"rendered":"Jos\u00e9 de Oliveira Barboza"},"content":{"rendered":"\n<p>Jos\u00e9 de Oliveira Barboza nasceu em Betim, na Regi\u00e3o Metropolitana de Belo Horizonte. Vindo de fam\u00edlia simples e humilde, \u00e9 casado e pai de quatro filhos. Depois de se formar no segundo grau, come\u00e7ou a atuar como t\u00e9cnico em instala\u00e7\u00f5es hidr\u00e1ulicas. Foi por meio da presta\u00e7\u00e3o desse servi\u00e7o que conheceu muita gente e percebeu que Betim precisava, naquela \u00e9poca, de uma loja especializada no setor. Abriu, ent\u00e3o, uma loja de materiais hidr\u00e1ulicos, de preven\u00e7\u00e3o contra inc\u00eandio, reparos e pe\u00e7as de reposi\u00e7\u00e3o, que aos poucos foi crescendo e se tornando refer\u00eancia. Conhe\u00e7a um pouco mais da sua hist\u00f3ria.<\/p>\n\n\n\n<p><strong>Qual \u00e9 o seu neg\u00f3cio?&nbsp;<\/strong>Sempre atuei no ramo da constru\u00e7\u00e3o civil, tenho paix\u00e3o por essa \u00e1rea. Comecei como t\u00e9cnico e, depois, abri minha pr\u00f3pria loja, especializada na comercializa\u00e7\u00e3o de materiais hidr\u00e1ulicos.<\/p>\n\n\n\n<p><strong>Quais s\u00e3o os desafios da sua \u00e1rea de atua\u00e7\u00e3o?&nbsp;<\/strong>H\u00e1 tantos anos nesse setor, creio que o maior desafio seja a alta carga tribut\u00e1ria, que nos acompanha faz muito tempo. Os impostos que pagamos s\u00e3o muitos e se tornam caros, porque n\u00e3o vemos resultados efetivos na aplica\u00e7\u00e3o deles.<\/p>\n\n\n\n<p><strong>Como come\u00e7ou sua hist\u00f3ria no Sistema CNDL?&nbsp;<\/strong>Um grupo de empres\u00e1rios me convidou, em 1994, para fazer parte como diretor na CDL Betim; n\u00e3o s\u00f3 aceitei, como tamb\u00e9m tomei gosto pelo movimento. No ano seguinte, me tornei presidente da CDL e, durante meu mandato, constru\u00edmos nossa sede pr\u00f3pria, sem ter nenhum recurso para isso. Em 2001, levei a experi\u00eancia do sistema para a Prefeitura de Betim, me tornando secret\u00e1rio de Desenvolvimento Econ\u00f4mico e, posteriormente, chefe de Turismo, atuando de forma efetiva junto aos empres\u00e1rios da cidade. A convite de Jos\u00e9 C\u00e9sar da Costa, fui para a FCDL-MG, em 2007, e, agora, tenho a honra de acompanh\u00e1-lo tamb\u00e9m na CNDL, integrando o Conselho Fiscal na atual gest\u00e3o.<\/p>\n\n\n\n<p><strong>Qual \u00e9 a import\u00e2ncia de participar de uma entidade associativista?<\/strong>&nbsp;Vejo que, atuando no Sistema CNDL, eu tenho a oportunidade de ajudar a construir melhores caminhos para os empres\u00e1rios. As demandas e os anseios do com\u00e9rcio local ganham for\u00e7a quando se unem a outras com o mesmo objetivo. Al\u00e9m disso, h\u00e1 uma troca. Trago para nossa realidade as experi\u00eancias adquiridas nos encontros com os outros cedelistas e os casos exitosos que vivencio ao participar de conven\u00e7\u00f5es Brasil afora e de eventos internacionais, como as v\u00e1rias edi\u00e7\u00f5es da NRF em que estive presente e a Miss\u00e3o Fl\u00f3rida, com o Sebrae, nos Estados Unidos, em agosto de 2011, quando conheci a realidade administrativa de v\u00e1rias empresas e trouxe as novidades da \u00e9poca para os empres\u00e1rios daqui.<\/p>\n\n\n\n<p><strong>Por que me tornei uma lideran\u00e7a?<\/strong>&nbsp;Acredito que pela facilidade que tenho de fazer a interlocu\u00e7\u00e3o entre pessoas, empresas e poderes p\u00fablicos. Sempre foi tudo muito natural, no intuito de procurar o bem das empresas. Ao longo do tempo, fui ganhando a credibilidade e confian\u00e7a dos colegas e participando de encontros que favorecessem o empresariado. Desde pequeno, tenho esse esp\u00edrito de empreender e de fazer as coisas sem esperar que elas aconte\u00e7am por si s\u00f3.<\/p>\n\n\n\n<p><strong>Ser dirigente lojista para mim \u00e9\u2026<\/strong>&nbsp;Um ganho muito grande! Al\u00e9m de me trazer crescimento pessoal, ser dirigente lojista me d\u00e1 a oportunidade de promover o desenvolvimento de outras pessoas e empresas e isso \u00e9 muito gratificante para mim.<\/p>\n","protected":false},"excerpt":{"rendered":"<p>Jos\u00e9 de Oliveira Barboza nasceu em Betim, na Regi\u00e3o Metropolitana de Belo Horizonte. Vindo de fam\u00edlia simples e humilde, \u00e9 casado e pai de quatro [&hellip;]<\/p>\n","protected":false},"author":3,"featured_media":1677,"comment_status":"open","ping_status":"open","sticky":false,"template":"","format":"standard","meta":{"footnotes":""},"categories":[1836],"tags":[5148,5096],"class_list":["post-1676","post","type-post","status-publish","format-standard","has-post-thumbnail","hentry","category-marketing-e-vendas","tag-5148","tag-perfil"],"_links":{"self":[{"href":"https:\/\/cndl.org.br\/varejosa\/wp-json\/wp\/v2\/posts\/1676","targetHints":{"allow":["GET"]}}],"collection":[{"href":"https:\/\/cndl.org.br\/varejosa\/wp-json\/wp\/v2\/posts"}],"about":[{"href":"https:\/\/cndl.org.br\/varejosa\/wp-json\/wp\/v2\/types\/post"}],"author":[{"embeddable":true,"href":"https:\/\/cndl.org.br\/varejosa\/wp-json\/wp\/v2\/users\/3"}],"replies":[{"embeddable":true,"href":"https:\/\/cndl.org.br\/varejosa\/wp-json\/wp\/v2\/comments?post=1676"}],"version-history":[{"count":0,"href":"https:\/\/cndl.org.br\/varejosa\/wp-json\/wp\/v2\/posts\/1676\/revisions"}],"wp:featuredmedia":[{"embeddable":true,"href":"https:\/\/cndl.org.br\/varejosa\/wp-json\/wp\/v2\/media\/1677"}],"wp:attachment":[{"href":"https:\/\/cndl.org.br\/varejosa\/wp-json\/wp\/v2\/media?parent=1676"}],"wp:term":[{"taxonomy":"category","embeddable":true,"href":"https:\/\/cndl.org.br\/varejosa\/wp-json\/wp\/v2\/categories?post=1676"},{"taxonomy":"post_tag","embeddable":true,"href":"https:\/\/cndl.org.br\/varejosa\/wp-json\/wp\/v2\/tags?post=1676"}],"curies":[{"name":"wp","href":"https:\/\/api.w.org\/{rel}","templated":true}]}}