{"id":16803,"date":"2022-07-28T09:45:47","date_gmt":"2022-07-28T12:45:47","guid":{"rendered":"https:\/\/cndl.org.br\/varejosasa\/?p=16803"},"modified":"2024-02-04T13:26:25","modified_gmt":"2024-02-04T16:26:25","slug":"confianca-dos-servicos-atinge-maior-patamar-desde-2013","status":"publish","type":"post","link":"https:\/\/cndl.org.br\/varejosa\/confianca-dos-servicos-atinge-maior-patamar-desde-2013\/","title":{"rendered":"Confian\u00e7a dos servi\u00e7os atinge maior patamar desde 2013"},"content":{"rendered":"\n<p class=\"has-text-align-center\"><em>Com a alta, a confian\u00e7a dos servi\u00e7os atingiu 100,9 pontos \u2013 pontua\u00e7\u00f5es acima de 100 indicam otimismo, e abaixo, pessimismo.<\/em><\/p>\n\n\n\n<p>A confian\u00e7a do setor de servi\u00e7os cresceu pelo quinto m\u00eas seguido em julho, levando o indicador ao maior patamar desde setembro de 2013, segundo dados divulgados nesta quinta-feira (28) pela Funda\u00e7\u00e3o Getulio Vargas (FGV).<\/p>\n\n\n\n<p>Com a alta, a confian\u00e7a atingiu 100,9 pontos \u2013 pontua\u00e7\u00f5es acima de 100 indicam otimismo, e abaixo, pessimismo.<\/p>\n\n\n\n<p>&#8220;O resultado favor\u00e1vel foi influenciado tanto pela percep\u00e7\u00e3o de melhora da demanda corrente quanto das expectativas para os pr\u00f3ximos meses&#8221;, apontou em nota Rodolpho Tobler, economista do FGV IBRE.<\/p>\n\n\n\n<p>O indicador de situa\u00e7\u00e3o atual subiu de 98,1 para 100,8 pontos. J\u00e1 o \u00edndice de expectativas passou de 99,3 para 100,9 pontos.<\/p>\n\n\n\n<p>Tobler ressaltou, no entanto, que o per\u00edodo eleitoral pode aumentar os n\u00edveis de incerteza econ\u00f4mica, embora as medidas de est\u00edmulo adotadas pelo governo recentemente devam &#8220;manter a atividade do setor aquecida e resultar em um terceiro trimestre mais positivo do que inicialmente esperado\u201d.<\/p>\n\n\n\n<p><strong>Confian\u00e7a do com\u00e9rcio<br><\/strong>Depois de dois meses de recupera\u00e7\u00e3o, a confian\u00e7a do com\u00e9rcio voltou a recuar em julho, passando de 97,9 para 95,1 pontos, se mantendo na faixa considerada pessimista.<\/p>\n\n\n\n<p>Houve piora tanto na percep\u00e7\u00e3o sobre a situa\u00e7\u00e3o atual dos neg\u00f3cios quanto nas expectativas para os pr\u00f3ximos meses. O \u00edndice de situa\u00e7\u00e3o atual, no entanto, se manteve acima dos 100 pontos, na faixa otimista, ao recuar de 108,5 para 105,6 pontos. J\u00e1 o \u00edndice de expectativas passou de 87,5 para 84,8 pontos.<\/p>\n\n\n\n<p>&#8220;\u00c9 poss\u00edvel que as medidas recentes de est\u00edmulo adotadas pelo governo ainda sustentem o n\u00edvel presente da demanda por mais alguns meses. Mas a infla\u00e7\u00e3o e juros em patamares elevados e os baixos n\u00edveis de confian\u00e7a do consumidor devem segurar uma retomada mais consistente do setor\u201d, avaliou Rodolpho Tobler.<\/p>\n\n\n\n<p><em>Fonte: G1<\/em><\/p>\n","protected":false},"excerpt":{"rendered":"<p>A confian\u00e7a do setor de servi\u00e7os cresceu pelo quinto m\u00eas seguido em julho, levando o indicador ao maior patamar desde setembro de 2013, segundo dados divulgados nesta quinta-feira (28) pela Funda\u00e7\u00e3o Getulio Vargas (FGV).<\/p>\n","protected":false},"author":7,"featured_media":16672,"comment_status":"open","ping_status":"open","sticky":false,"template":"","format":"standard","meta":{"footnotes":""},"categories":[26],"tags":[975,976,267],"class_list":["post-16803","post","type-post","status-publish","format-standard","has-post-thumbnail","hentry","category-negocios-e-economia","tag-confianca-do-comercio","tag-confianca-dos-servicos","tag-fgv"],"_links":{"self":[{"href":"https:\/\/cndl.org.br\/varejosa\/wp-json\/wp\/v2\/posts\/16803","targetHints":{"allow":["GET"]}}],"collection":[{"href":"https:\/\/cndl.org.br\/varejosa\/wp-json\/wp\/v2\/posts"}],"about":[{"href":"https:\/\/cndl.org.br\/varejosa\/wp-json\/wp\/v2\/types\/post"}],"author":[{"embeddable":true,"href":"https:\/\/cndl.org.br\/varejosa\/wp-json\/wp\/v2\/users\/7"}],"replies":[{"embeddable":true,"href":"https:\/\/cndl.org.br\/varejosa\/wp-json\/wp\/v2\/comments?post=16803"}],"version-history":[{"count":0,"href":"https:\/\/cndl.org.br\/varejosa\/wp-json\/wp\/v2\/posts\/16803\/revisions"}],"wp:featuredmedia":[{"embeddable":true,"href":"https:\/\/cndl.org.br\/varejosa\/wp-json\/wp\/v2\/media\/16672"}],"wp:attachment":[{"href":"https:\/\/cndl.org.br\/varejosa\/wp-json\/wp\/v2\/media?parent=16803"}],"wp:term":[{"taxonomy":"category","embeddable":true,"href":"https:\/\/cndl.org.br\/varejosa\/wp-json\/wp\/v2\/categories?post=16803"},{"taxonomy":"post_tag","embeddable":true,"href":"https:\/\/cndl.org.br\/varejosa\/wp-json\/wp\/v2\/tags?post=16803"}],"curies":[{"name":"wp","href":"https:\/\/api.w.org\/{rel}","templated":true}]}}