{"id":16811,"date":"2022-07-29T09:51:34","date_gmt":"2022-07-29T12:51:34","guid":{"rendered":"https:\/\/cndl.org.br\/varejosa\/?p=16811"},"modified":"2024-02-04T15:50:22","modified_gmt":"2024-02-04T18:50:22","slug":"especialistas-mostram-como-salvar-o-setor-varejista-na-black-friday-2022","status":"publish","type":"post","link":"https:\/\/cndl.org.br\/varejosa\/especialistas-mostram-como-salvar-o-setor-varejista-na-black-friday-2022\/","title":{"rendered":"Especialistas mostram como salvar o setor varejista na Black Friday 2022"},"content":{"rendered":"\n<p>O setor varejista se viu de olhos arregalados no final do ano passado, \u00e0 medida em que as empresas faziam os seus planejamentos anuais para o ano seguinte. Isso porque 2022 pegou de jeito uma das datas mais importantes do com\u00e9rcio: a Black Friday.<\/p>\n\n\n\n<p>Afinal, quem vai querer saber de Black Friday entre as elei\u00e7\u00f5es presidenciais e a Copa do Mundo de futebol?<\/p>\n\n\n\n<p>Qualquer estudioso da m\u00eddia sabe que grandes eventos acabam encobrindo os pequenos. \u00c9 poss\u00edvel que at\u00e9 os tradicionais memes sobre a data n\u00e3o sejam t\u00e3o postados esse ano. Tentando solucionar a dor de muitos varejistas, a Transforma\u00e7\u00e3o Digital, empresa l\u00edder em eventos digitais na Am\u00e9rica Latina, dedicou a edi\u00e7\u00e3o de 2022 do Varejo Summit \u00e0 data comemorativa.<\/p>\n\n\n\n<p>Para tal, a organiza\u00e7\u00e3o do evento conseguiu reunir um time de peso dos maiores nomes no varejo no Brasil. Provavelmente voc\u00ea conhece muitos dessa lista:<\/p>\n\n\n\n<div class=\"wp-block-group\"><div class=\"wp-block-group__inner-container is-layout-flow wp-block-group-is-layout-flow\">\n<ul class=\"wp-block-list\"><li>Jos\u00e9 C\u00e9sar da Costa, presidente da Confedera\u00e7\u00e3o Nacional de Dirigentes Lojistas<\/li><li>Jo\u00e3o Appolin\u00e1rio, presidente e fundador da Polishop<\/li><li>Rafael Forte, cofundador e presidente da VTEX<\/li><li>Vinicius Porto, diretor de CX da Magalu<\/li><li>Valmir Andrade, diretor executivo das Americanas Marketplace<\/li><li>Jo\u00e3o Adibe, CEO e fundador da CIMED<\/li><li>Alexandra Bello Mendon\u00e7a, Head of Commerce LATAM &#8211; Global Partnership no Google<\/li><li>Fernanda Schmid, diretora de marketing do Mercado Livre<\/li><li>Edu Neves, cofundador e CEO do Reclame Aqui<\/li><li>Eduardo Picarelli, marketing director and head of Craft Business Unit na Heineken<\/li><li>Marcos Gouv\u00eaa de Souza, diretor geral da Gouv\u00eaa Ecosystem<\/li><li>Claudia Abreu, diretora de desenvolvimento de neg\u00f3cios para varejo e bens de consumo na Salesforce<\/li><li>Rodrigo Gouveia, CEO Inter Shop no Inter<\/li><li>Jannos Artusi de Faria, head of e-commerce marketing na Samsung<\/li><li>Thais Azevedo, CMO no Z\u00e9 Delivery<\/li><\/ul>\n<\/div><\/div>\n\n\n\n<p>A curadoria de conte\u00fado do evento ainda afirmou que para a sele\u00e7\u00e3o dos temas das palestras, eles ouviram dezenas de profissionais de diversas empresas com objetivo de entender as principais dores do setor e trazer as melhores solu\u00e7\u00f5es para cada uma das quest\u00f5es.<\/p>\n\n\n\n<p>O evento que \u00e9 totalmente online e gratuito tem como o objetivo favorecer a ind\u00fastria e aumentar a troca de experi\u00eancias e informa\u00e7\u00f5es entre os profissionais, para que o varejo no Brasil n\u00e3o pare de crescer nem em momentos de crise.<\/p>\n\n\n\n<p>Al\u00e9m de oferecer uma experi\u00eancia de tr\u00eas dias para os participantes, o Varejo Summit tamb\u00e9m vai premiar os participantes com pr\u00eamios super exclusivos como livros, cursos, e mentorias. E tudo o que voc\u00ea precisa fazer \u00e9 indicar os seus amigos para participarem do evento.<\/p>\n\n\n\n<p>Quer participar dessa experi\u00eancia incr\u00edvel, totalmente gratuita e ainda garantir pr\u00eamios? Ent\u00e3o inscreva-se no <a href=\"https:\/\/varejosummit.com\/?utm_source=Parceiros&amp;utm_medium=cndl&amp;utm_campaign=varejosummit-social\">CMO Summit<\/a> e eleve o seu neg\u00f3cio para o pr\u00f3ximo n\u00edvel.<\/p>\n","protected":false},"excerpt":{"rendered":"<p>O setor varejista se viu de olhos arregalados no final do ano passado, \u00e0 medida em que as empresas faziam os seus planejamentos anuais para o ano seguinte. Isso porque 2022 pegou de jeito uma das datas mais importantes do com\u00e9rcio: a Black Friday.<\/p>\n","protected":false},"author":8,"featured_media":16815,"comment_status":"open","ping_status":"open","sticky":false,"template":"","format":"standard","meta":{"footnotes":""},"categories":[1836],"tags":[291,3544,3545,3546],"class_list":["post-16811","post","type-post","status-publish","format-standard","has-post-thumbnail","hentry","category-marketing-e-vendas","tag-black-friday","tag-copa-do-mundo-de-futebol","tag-eleicoes-presidenciais","tag-setor-varejista"],"_links":{"self":[{"href":"https:\/\/cndl.org.br\/varejosa\/wp-json\/wp\/v2\/posts\/16811","targetHints":{"allow":["GET"]}}],"collection":[{"href":"https:\/\/cndl.org.br\/varejosa\/wp-json\/wp\/v2\/posts"}],"about":[{"href":"https:\/\/cndl.org.br\/varejosa\/wp-json\/wp\/v2\/types\/post"}],"author":[{"embeddable":true,"href":"https:\/\/cndl.org.br\/varejosa\/wp-json\/wp\/v2\/users\/8"}],"replies":[{"embeddable":true,"href":"https:\/\/cndl.org.br\/varejosa\/wp-json\/wp\/v2\/comments?post=16811"}],"version-history":[{"count":0,"href":"https:\/\/cndl.org.br\/varejosa\/wp-json\/wp\/v2\/posts\/16811\/revisions"}],"wp:featuredmedia":[{"embeddable":true,"href":"https:\/\/cndl.org.br\/varejosa\/wp-json\/wp\/v2\/media\/16815"}],"wp:attachment":[{"href":"https:\/\/cndl.org.br\/varejosa\/wp-json\/wp\/v2\/media?parent=16811"}],"wp:term":[{"taxonomy":"category","embeddable":true,"href":"https:\/\/cndl.org.br\/varejosa\/wp-json\/wp\/v2\/categories?post=16811"},{"taxonomy":"post_tag","embeddable":true,"href":"https:\/\/cndl.org.br\/varejosa\/wp-json\/wp\/v2\/tags?post=16811"}],"curies":[{"name":"wp","href":"https:\/\/api.w.org\/{rel}","templated":true}]}}