{"id":16843,"date":"2022-08-03T09:27:14","date_gmt":"2022-08-03T12:27:14","guid":{"rendered":"https:\/\/cndl.org.br\/varejosa\/?p=16843"},"modified":"2024-02-04T17:05:25","modified_gmt":"2024-02-04T20:05:25","slug":"inovaacao-apresenta-tema-atitude-para-transformar-e-evoluir-na-edicao-de-2022","status":"publish","type":"post","link":"https:\/\/cndl.org.br\/varejosa\/inovaacao-apresenta-tema-atitude-para-transformar-e-evoluir-na-edicao-de-2022\/","title":{"rendered":"Inova+A\u00e7\u00e3o apresenta tema \u201cAtitude para Transformar e Evoluir\u201d na edi\u00e7\u00e3o de 2022"},"content":{"rendered":"\n<p class=\"has-text-align-center\"><em>Evento contar\u00e1 com inscri\u00e7\u00e3o solid\u00e1ria para beneficiar institui\u00e7\u00f5es carentes da Capital<\/em><\/p>\n\n\n\n<p>O tema da 4\u00aa edi\u00e7\u00e3o do Inova+A\u00e7\u00e3o \u00e9 \u201cAtitude para Transformar e Evoluir\u201d. O evento reunir\u00e1 grandes nomes do varejo e empreendedorismo em cerca de 11h de imers\u00e3o, no dia 11 de agosto, a partir das 12h, CentroSul \u2013 Centro de Conven\u00e7\u00f5es de Florian\u00f3polis, com entrada solid\u00e1ria para doa\u00e7\u00e3o \u00e0s institui\u00e7\u00f5es carentes cadastradas na entidade.<br><br>Para o diretor de Rela\u00e7\u00f5es P\u00fablicas e Eventos da CDL de Florian\u00f3polis, Thiago Jasper, o tema central \u00e9 uma provoca\u00e7\u00e3o aos empres\u00e1rios que para inovar basta analisar as ideias com outro olhar.<br><br>\u201cMuitas vezes a evolu\u00e7\u00e3o e a transforma\u00e7\u00e3o de uma empresa parte de atitudes diferentes e, que, se o empreendedor tiver essa sensibilidade sem d\u00favida ir\u00e1 prosperar e decolar nos neg\u00f3cios\u201d, pondera Jasper.<br><br>O evento deste ano contar\u00e1 com renomes nacionais no palco principal das 14h30 \u00e0s 21h30, com intervalo \u00e0s 20h. Em paralelo, nas salas do entorno, ter\u00e1 a participa\u00e7\u00e3o das correalizadoras com conte\u00fados focados nos segmentos atuantes, assim como os N\u00facleos da CDL de Florian\u00f3polis trar\u00e3o conte\u00fados robustos com mentorias, networking e bem-estar para os participantes.<\/p>\n\n\n\n<p><strong>Palco Principal<br><\/strong>Entre os palestrantes confirmados para este ano, est\u00e1 o atleta ol\u00edmpico, C\u00e9sar Cielo com a palestra \u201cA mente de um Campe\u00e3o\u201d, que trar\u00e1 as estrat\u00e9gias utilizadas para se tornar o primeiro e \u00fanico nadador brasileiro a ser campe\u00e3o ol\u00edmpico ap\u00f3s conquistar o ouro nos 50 metros livres, nas olimp\u00edadas de Pequim (2008).<br><br>Tamb\u00e9m estar\u00e1 no palco do Inova+A\u00e7\u00e3o o \u00fanico brasileiro com mat\u00e9ria de capa da Forbes USA, Ricardo Geromel com a palestra \u201cEvolu\u00e7\u00e3o do Varejo\u201d. Geromel \u00e9 autor do best-seller \u201cBI.LIO.N\u00c1R.IOS: o que eles t\u00eam em comum al\u00e9m de nove zeros antes da v\u00edrgula\u201d.<br><br>A presidente da Bibi Cal\u00e7ados, Andrea Kohlrausch, subir\u00e1 ao palco com a palestra \u201cComo tra\u00e7ar um caminho da Inova\u00e7\u00e3o no Varejo\u201d. Andrea \u00e9 s\u00f3cia e integrante da terceira gera\u00e7\u00e3o da Bibi Cal\u00e7ados, fundada em 1949. \u00c9 a primeira mulher a assumir a presid\u00eancia (2019) e comanda a empresa que possui mais de 70 anos de hist\u00f3ria.<br><br>Ainda teremos o mentor das Redes Milion\u00e1rias, Dino Gueno, trazendo conte\u00fado focado no \u201cO varejo do Amanh\u00e3\u201d. Gueno \u00e9 autor do livro: \u201cA loja que Vende\u201d e j\u00e1 palestrou em mais de 400 redes de lojas de todos os segmentos na am\u00e9rica do Sul.<br>Al\u00e9m dos palestrantes confirmados, o evento contar\u00e1 com uma feira de neg\u00f3cios e o lounge de relacionamento para estimular a intera\u00e7\u00e3o e o networking.<br><br>Garanta sua inscri\u00e7\u00e3o solid\u00e1ria aqui e fique de olho em nossas redes sociais para conhecer os grandes nomes que passar\u00e3o pelo evento este ano.<br><br>O Inova+A\u00e7\u00e3o 2022 \u00e9 uma realiza\u00e7\u00e3o da CDL de Florian\u00f3polis, com correaliza\u00e7\u00e3o da Acate Varejo, F\u00f3rum ABCOMM, ADVB SC e Empreende Brazil.<\/p>\n\n\n\n<p><strong>Servi\u00e7o<\/strong><br><strong>O Qu\u00ea? <\/strong>Inova+A\u00e7\u00e3o 2022<br><strong>Quando:<\/strong> 11 de Agosto \u2013 a partir das 12h;<br><strong>Local:<\/strong> Centro Sul<br><strong><a href=\"https:\/\/conteudo.cdlflorianopolis.org.br\/inovacdl2022\/\">Inscri\u00e7\u00e3o<\/a><\/strong><\/p>\n\n\n\n<p><strong>Acompanhem o Inova+A\u00e7\u00e3o nas redes sociais<br><\/strong>Instagram: @inovacdl<br>Facebook: \/inovamaisacao<\/p>\n","protected":false},"excerpt":{"rendered":"<p>O tema da 4\u00aa edi\u00e7\u00e3o do Inova+A\u00e7\u00e3o \u00e9 \u201cAtitude para Transformar e Evoluir\u201d. O evento reunir\u00e1 grandes nomes do varejo e empreendedorismo em cerca de 11h de imers\u00e3o, no dia 11 de agosto, a partir das 12h, CentroSul \u2013 Centro de Conven\u00e7\u00f5es de Florian\u00f3polis, com entrada solid\u00e1ria para doa\u00e7\u00e3o \u00e0s institui\u00e7\u00f5es carentes cadastradas na entidade.<\/p>\n","protected":false},"author":18,"featured_media":16844,"comment_status":"open","ping_status":"open","sticky":false,"template":"","format":"standard","meta":{"footnotes":""},"categories":[1371],"tags":[2560,4638,4627],"class_list":["post-16843","post","type-post","status-publish","format-standard","has-post-thumbnail","hentry","category-noticias-cndl","tag-cdl-florianopolis","tag-evolucao-do-varejo","tag-inovaacao"],"_links":{"self":[{"href":"https:\/\/cndl.org.br\/varejosa\/wp-json\/wp\/v2\/posts\/16843","targetHints":{"allow":["GET"]}}],"collection":[{"href":"https:\/\/cndl.org.br\/varejosa\/wp-json\/wp\/v2\/posts"}],"about":[{"href":"https:\/\/cndl.org.br\/varejosa\/wp-json\/wp\/v2\/types\/post"}],"author":[{"embeddable":true,"href":"https:\/\/cndl.org.br\/varejosa\/wp-json\/wp\/v2\/users\/18"}],"replies":[{"embeddable":true,"href":"https:\/\/cndl.org.br\/varejosa\/wp-json\/wp\/v2\/comments?post=16843"}],"version-history":[{"count":0,"href":"https:\/\/cndl.org.br\/varejosa\/wp-json\/wp\/v2\/posts\/16843\/revisions"}],"wp:featuredmedia":[{"embeddable":true,"href":"https:\/\/cndl.org.br\/varejosa\/wp-json\/wp\/v2\/media\/16844"}],"wp:attachment":[{"href":"https:\/\/cndl.org.br\/varejosa\/wp-json\/wp\/v2\/media?parent=16843"}],"wp:term":[{"taxonomy":"category","embeddable":true,"href":"https:\/\/cndl.org.br\/varejosa\/wp-json\/wp\/v2\/categories?post=16843"},{"taxonomy":"post_tag","embeddable":true,"href":"https:\/\/cndl.org.br\/varejosa\/wp-json\/wp\/v2\/tags?post=16843"}],"curies":[{"name":"wp","href":"https:\/\/api.w.org\/{rel}","templated":true}]}}