{"id":16940,"date":"2022-08-11T12:08:08","date_gmt":"2022-08-11T15:08:08","guid":{"rendered":"https:\/\/cndl.org.br\/varejosasa\/?p=16940"},"modified":"2024-02-04T13:26:44","modified_gmt":"2024-02-04T16:26:44","slug":"estudo-aponta-faturamento-de-r-64-bilhoes-no-e-commerce-no-dia-dos-pais","status":"publish","type":"post","link":"https:\/\/cndl.org.br\/varejosa\/estudo-aponta-faturamento-de-r-64-bilhoes-no-e-commerce-no-dia-dos-pais\/","title":{"rendered":"Estudo aponta faturamento de R$ 6,4 bilh\u00f5es no e-commerce no Dia dos Pais"},"content":{"rendered":"\n<p class=\"has-text-align-center\"><em>Ainda segundo a ABComm, o e-commerce cresceu em m\u00e9dia 3% no primeiro semestre em rela\u00e7\u00e3o com o mesmo per\u00edodo em 2021<\/em><\/p>\n\n\n\n<p>De acordo com dados de uma pesquisa realizada pela Associa\u00e7\u00e3o Brasileira de Com\u00e9rcio Eletr\u00f4nico (ABComm), o faturamento nas compras online para o Dia dos Pais em 2022 ser\u00e1 de R$ 6,4 bilh\u00f5es. A previs\u00e3o de crescimento \u00e9 de 2,9% em compara\u00e7\u00e3o com o ano passado. A data \u00e9 sempre comemorada no segundo domingo do m\u00eas de agosto e, neste ano, ser\u00e1 celebrada no dia 14.<\/p>\n\n\n\n<p>Ainda segundo a entidade, o e-commerce cresceu em m\u00e9dia 3% no primeiro semestre em rela\u00e7\u00e3o com o mesmo per\u00edodo em 2021, \u00edndice um pouco abaixo ante a previs\u00e3o de crescimento de 5%. A ABComm destacou como um dos motivos para esse fator o aumento dos combust\u00edveis, condi\u00e7\u00e3o que impactou o pre\u00e7o final dos produtos. A pesquisa tamb\u00e9m estimou que o total de pedidos neste per\u00edodo deve ultrapassar a marca de R$ 14,2 milh\u00f5es.<\/p>\n\n\n\n<p>A menor oferta de frete gr\u00e1tis tamb\u00e9m \u00e9 considerada um dos fatores que contribuiu para n\u00e3o bater a previs\u00e3o feita. Outro estudo da ABComm mostrou que o pre\u00e7o do frete pode impactar em at\u00e9 90% a decis\u00e3o de compra de um produto nas vendas pela internet.<\/p>\n\n\n\n<p>\u201cAs datas comemorativas t\u00eam sido importantes para a retomada da economia no p\u00f3s-pandemia. O com\u00e9rcio eletr\u00f4nico passa por uma fase de crescimento, impulsionado, principalmente, por campanhas e promo\u00e7\u00f5es de datas especiais\u201d, destacou Alexandre Crivellaro, diretor de intelig\u00eancia de mercado da ABComm. O executivo ainda comentou que a previs\u00e3o para o Dia dos Pais \u00e9 semelhante ao crescimento geral at\u00e9 agora.<\/p>\n\n\n\n<p>\u201cA tend\u00eancia \u00e9 um leve aumento, por\u00e9m a situa\u00e7\u00e3o dos combust\u00edveis sempre afeta diretamente a economia e, por isso, muitas vezes nos deparamos com n\u00fameros abaixo da expectativa. Uma alternativa \u00e9 que as empresas foquem em estrat\u00e9gias de log\u00edstica e inova\u00e7\u00e3o para manter a competitividade\u201d, disse Crivellaro. Ele explicou que o diesel, respons\u00e1vel pelo transporte da maior parte dos produtos, n\u00e3o foi afetado pela redu\u00e7\u00e3o dos combust\u00edveis.<\/p>\n\n\n\n<p><em>Fonte: Mercado &amp; Consumo<\/em><\/p>\n","protected":false},"excerpt":{"rendered":"<p>De acordo com dados de uma pesquisa realizada pela Associa\u00e7\u00e3o Brasileira de Com\u00e9rcio Eletr\u00f4nico (ABComm), o faturamento nas compras online para o Dia dos Pais em 2022 ser\u00e1 de R$ 6,4 bilh\u00f5es. A previs\u00e3o de crescimento \u00e9 de 2,9% em compara\u00e7\u00e3o com o ano passado. A data \u00e9 sempre comemorada no segundo domingo do m\u00eas de agosto e, neste ano, ser\u00e1 celebrada no dia 14.<\/p>\n","protected":false},"author":8,"featured_media":16722,"comment_status":"closed","ping_status":"open","sticky":false,"template":"","format":"standard","meta":{"footnotes":""},"categories":[26],"tags":[987,988,251,341,249],"class_list":["post-16940","post","type-post","status-publish","format-standard","has-post-thumbnail","hentry","category-negocios-e-economia","tag-abcomm","tag-dia-dos-pais","tag-e-commerce","tag-economia","tag-varejo"],"_links":{"self":[{"href":"https:\/\/cndl.org.br\/varejosa\/wp-json\/wp\/v2\/posts\/16940","targetHints":{"allow":["GET"]}}],"collection":[{"href":"https:\/\/cndl.org.br\/varejosa\/wp-json\/wp\/v2\/posts"}],"about":[{"href":"https:\/\/cndl.org.br\/varejosa\/wp-json\/wp\/v2\/types\/post"}],"author":[{"embeddable":true,"href":"https:\/\/cndl.org.br\/varejosa\/wp-json\/wp\/v2\/users\/8"}],"replies":[{"embeddable":true,"href":"https:\/\/cndl.org.br\/varejosa\/wp-json\/wp\/v2\/comments?post=16940"}],"version-history":[{"count":0,"href":"https:\/\/cndl.org.br\/varejosa\/wp-json\/wp\/v2\/posts\/16940\/revisions"}],"wp:featuredmedia":[{"embeddable":true,"href":"https:\/\/cndl.org.br\/varejosa\/wp-json\/wp\/v2\/media\/16722"}],"wp:attachment":[{"href":"https:\/\/cndl.org.br\/varejosa\/wp-json\/wp\/v2\/media?parent=16940"}],"wp:term":[{"taxonomy":"category","embeddable":true,"href":"https:\/\/cndl.org.br\/varejosa\/wp-json\/wp\/v2\/categories?post=16940"},{"taxonomy":"post_tag","embeddable":true,"href":"https:\/\/cndl.org.br\/varejosa\/wp-json\/wp\/v2\/tags?post=16940"}],"curies":[{"name":"wp","href":"https:\/\/api.w.org\/{rel}","templated":true}]}}