{"id":16991,"date":"2022-08-17T10:28:42","date_gmt":"2022-08-17T13:28:42","guid":{"rendered":"https:\/\/cndl.org.br\/varejosasa\/?p=16991"},"modified":"2024-02-04T13:26:44","modified_gmt":"2024-02-04T16:26:44","slug":"economia-brasileira-cresceu-11-no-2o-trimestre-aponta-fgv","status":"publish","type":"post","link":"https:\/\/cndl.org.br\/varejosa\/economia-brasileira-cresceu-11-no-2o-trimestre-aponta-fgv\/","title":{"rendered":"Economia brasileira cresceu 1,1% no 2\u00ba trimestre, aponta FGV"},"content":{"rendered":"\n<p class=\"has-text-align-center\"><em>Monitor do PIB antecipa dados sobre o desempenho da economia; n\u00fameros oficiais ser\u00e3o divulgados em setembro pelo IBGE.<\/em><\/p>\n\n\n\n<p>O Monitor do PIB, do Instituto Brasileiro de Economia da Funda\u00e7\u00e3o Getulio Vargas (FGV Ibre), aponta crescimento de 1,1% na atividade econ\u00f4mica no segundo trimestre em compara\u00e7\u00e3o ao primeiro e 0,1% em junho comparado a maio, considerando-se dados com ajuste sazonal.<\/p>\n\n\n\n<p>Na compara\u00e7\u00e3o interanual, a economia cresceu 3,0% no segundo trimestre e 2,7% em junho, segundo o levantamento, que antecipa dados sobre o desempenho da economia brasileira. O dado \u00e9 superior \u00e0 previs\u00e3o do Banco Central, que estimou uma expans\u00e3o de 0,57% na economia brasileira de abril a junho na compara\u00e7\u00e3o com os tr\u00eas meses anteriores. Os dados oficiais sobre o PIB ser\u00e3o divulgados no dia 1\u00ba de setembro pelo Instituto Brasileiro de Geografia e Estat\u00edstica (IBGE).<\/p>\n\n\n\n<p>\u201cO crescimento de 1,1% do PIB no 2\u00ba trimestre \u00e9 reflexo do desempenho positivo das tr\u00eas grandes atividades econ\u00f4micas, embora seja esperada uma redu\u00e7\u00e3o do ritmo da atividade econ\u00f4mica no segundo semestre devido aos juros que est\u00e3o em patamares elevados, e a despeito da expectativa de redu\u00e7\u00e3o do ritmo inflacion\u00e1rio&#8221;, diz Juliana Trece, coordenadora da pesquisa.<\/p>\n\n\n\n<p>Pela \u00f3tica da demanda, a alta foi puxada pelo consumo das fam\u00edlias e pelos investimentos (forma\u00e7\u00e3o bruta de capital fixo).<\/p>\n\n\n\n<p>A coordenadora da pesquisa aponta que houve efeitos positivos dos est\u00edmulos econ\u00f4micos, como a libera\u00e7\u00e3o dos saques de at\u00e9 R$ 1 mil do FGTS e a redu\u00e7\u00e3o dos pre\u00e7os de alguns produtos considerados essenciais.<\/p>\n\n\n\n<p><strong>Indicador do BC eleva otimismo para 3\u00ba trimestre<br><\/strong>O consumo das fam\u00edlias cresceu 1,8% no segundo trimestre, comparado ao primeiro e 0,3% em junho frente a maio. Na compara\u00e7\u00e3o interanual cresceu 4,3% no segundo trimestre.<\/p>\n\n\n\n<p>Nesta compara\u00e7\u00e3o, todos os componentes do consumo cresceram, a exce\u00e7\u00e3o do consumo de bens dur\u00e1veis, o que seria esperado tendo em vista o n\u00edvel elevado dos juros. Entre os que cresceram, o maior destaque continua sendo o consumo de servi\u00e7os.<\/p>\n\n\n\n<p>A forma\u00e7\u00e3o bruta de capital fixo (FBCF) apresentou crescimento de 4,0% no segundo trimestre, em compara\u00e7\u00e3o ao primeiro e de 1,3% em junho, frente a maio. Na compara\u00e7\u00e3o interanual cresceu 0,3% no segundo trimestre.<\/p>\n\n\n\n<p>O componente de m\u00e1quinas e equipamentos foi o \u00fanico a apresentar queda nesta compara\u00e7\u00e3o (-3,7%), por\u00e9m a uma taxa menor do que as quedas observadas nos meses anteriores.<\/p>\n\n\n\n<p>A exporta\u00e7\u00e3o de bens e servi\u00e7os apresentou retra\u00e7\u00e3o de 2,4% no segundo trimestre, em compara\u00e7\u00e3o ao primeiro e crescimento de 7,8% em junho, frente a maio. Na an\u00e1lise interanual, a exporta\u00e7\u00e3o retraiu 4,6% no segundo trimestre.<\/p>\n\n\n\n<p>Pelo segundo m\u00eas consecutivo, as quedas na exporta\u00e7\u00e3o de produtos agropecu\u00e1rios e da extrativa mineral tiveram papel importante no desempenho negativo da exporta\u00e7\u00e3o.<\/p>\n\n\n\n<p>A importa\u00e7\u00e3o de bens e servi\u00e7os cresceu 7,2% no segundo trimestre, em compara\u00e7\u00e3o ao primeiro e retraiu 1,2% em junho frente a maio. Na an\u00e1lise interanual retraiu 1,6% no segundo trimestre. Desde o trimestre encerrado em janeiro, a queda na importa\u00e7\u00e3o de bens intermedi\u00e1rios foi a principal respons\u00e1vel por esse resultado negativo da importa\u00e7\u00e3o.<\/p>\n\n\n\n<p>Em termos monet\u00e1rios, estima-se que o acumulado do PIB no primeiro semestre de 2022, em valores correntes, foi de R$ 4.596.527 milh\u00f5es, ou R$ 4,6 trilh\u00f5es.<\/p>\n\n\n\n<p><em>Fonte: G1<\/em><\/p>\n","protected":false},"excerpt":{"rendered":"<p>O Monitor do PIB, do Instituto Brasileiro de Economia da Funda\u00e7\u00e3o Getulio Vargas (FGV Ibre), aponta crescimento de 1,1% na atividade econ\u00f4mica no segundo trimestre em compara\u00e7\u00e3o ao primeiro e 0,1% em junho comparado a maio, considerando-se dados com ajuste sazonal.<\/p>\n","protected":false},"author":7,"featured_media":16994,"comment_status":"closed","ping_status":"open","sticky":false,"template":"","format":"standard","meta":{"footnotes":""},"categories":[26],"tags":[273,247,341,267,304,249],"class_list":["post-16991","post","type-post","status-publish","format-standard","has-post-thumbnail","hentry","category-negocios-e-economia","tag-banco-central","tag-comercio","tag-economia","tag-fgv","tag-pib","tag-varejo"],"_links":{"self":[{"href":"https:\/\/cndl.org.br\/varejosa\/wp-json\/wp\/v2\/posts\/16991","targetHints":{"allow":["GET"]}}],"collection":[{"href":"https:\/\/cndl.org.br\/varejosa\/wp-json\/wp\/v2\/posts"}],"about":[{"href":"https:\/\/cndl.org.br\/varejosa\/wp-json\/wp\/v2\/types\/post"}],"author":[{"embeddable":true,"href":"https:\/\/cndl.org.br\/varejosa\/wp-json\/wp\/v2\/users\/7"}],"replies":[{"embeddable":true,"href":"https:\/\/cndl.org.br\/varejosa\/wp-json\/wp\/v2\/comments?post=16991"}],"version-history":[{"count":0,"href":"https:\/\/cndl.org.br\/varejosa\/wp-json\/wp\/v2\/posts\/16991\/revisions"}],"wp:featuredmedia":[{"embeddable":true,"href":"https:\/\/cndl.org.br\/varejosa\/wp-json\/wp\/v2\/media\/16994"}],"wp:attachment":[{"href":"https:\/\/cndl.org.br\/varejosa\/wp-json\/wp\/v2\/media?parent=16991"}],"wp:term":[{"taxonomy":"category","embeddable":true,"href":"https:\/\/cndl.org.br\/varejosa\/wp-json\/wp\/v2\/categories?post=16991"},{"taxonomy":"post_tag","embeddable":true,"href":"https:\/\/cndl.org.br\/varejosa\/wp-json\/wp\/v2\/tags?post=16991"}],"curies":[{"name":"wp","href":"https:\/\/api.w.org\/{rel}","templated":true}]}}