{"id":17137,"date":"2022-08-29T16:13:44","date_gmt":"2022-08-29T19:13:44","guid":{"rendered":"https:\/\/cndl.org.br\/varejosa\/?p=17137"},"modified":"2026-01-29T10:24:29","modified_gmt":"2026-01-29T13:24:29","slug":"bolsonaro-ciro-gomes-e-soraya-thronicke-participam-de-dialogo-com-o-comercio-e-servicos","status":"publish","type":"post","link":"https:\/\/cndl.org.br\/varejosa\/bolsonaro-ciro-gomes-e-soraya-thronicke-participam-de-dialogo-com-o-comercio-e-servicos\/","title":{"rendered":"Bolsonaro, Ciro Gomes e Soraya Thronicke participam de di\u00e1logo com o Com\u00e9rcio e Servi\u00e7os"},"content":{"rendered":"\n<p><em>Evento contar\u00e1 com a participa\u00e7\u00e3o presencial de mais de 400 l\u00edderes empresariais; os presidentes do Instituto UNECS dialogar\u00e3o com candidatos \u00e0 Presid\u00eancia sobre temas relevantes para o setor<\/em><\/p>\n\n\n<div class=\"wp-block-image\">\n<figure class=\"alignleft size-large is-resized\"><a href=\"https:\/\/cndl.org.br\/varejosa\/wp-content\/uploads\/2022\/08\/WhatsApp-Image-2022-08-29-at-12.05.54.jpeg\"><img loading=\"lazy\" decoding=\"async\" src=\"https:\/\/cndl.org.br\/varejosa\/wp-content\/uploads\/2022\/08\/WhatsApp-Image-2022-08-29-at-12.05.54-819x1024.jpeg\" alt=\"\" class=\"wp-image-17138\" width=\"348\" height=\"435\" srcset=\"https:\/\/cndl.org.br\/varejosa\/wp-content\/uploads\/2022\/08\/WhatsApp-Image-2022-08-29-at-12.05.54-819x1024.jpeg 819w, https:\/\/cndl.org.br\/varejosa\/wp-content\/uploads\/2022\/08\/WhatsApp-Image-2022-08-29-at-12.05.54-240x300.jpeg 240w, https:\/\/cndl.org.br\/varejosa\/wp-content\/uploads\/2022\/08\/WhatsApp-Image-2022-08-29-at-12.05.54-768x960.jpeg 768w, https:\/\/cndl.org.br\/varejosa\/wp-content\/uploads\/2022\/08\/WhatsApp-Image-2022-08-29-at-12.05.54.jpeg 1024w\" sizes=\"auto, (max-width: 348px) 100vw, 348px\" \/><\/a><\/figure>\n<\/div>\n\n\n<p>Ciro Gomes (PDT), Jair Bolsonaro (PL) e Soraya Thronicke (Uni\u00e3o Brasil) confirmaram a participa\u00e7\u00e3o no evento <strong>Agenda UNECS: Di\u00e1logos com candidatos \u00e0 Presid\u00eancia da Rep\u00fablica<\/strong>, que ocorre amanh\u00e3 (30\/8), das 9h \u00e0s 17h, no Centro de Conven\u00e7\u00f5es Brasil 21, em Bras\u00edlia. Uma realiza\u00e7\u00e3o do Instituto UNECS \u2013 Uni\u00e3o Nacional de Entidades do Com\u00e9rcio e Servi\u00e7os, o evento ser\u00e1 transmitido ao vivo pelo canal Youtube do Instituto UNECS. A plateia presencial ser\u00e1 restrita a convidados e imprensa.<\/p>\n\n\n\n<p>A partir de temas abordados pelos presidentes das entidades que comp\u00f5em o Instituto UNECS, os candidatos ter\u00e3o 45 minutos para comentar assuntos relevantes para o setor. Ao final de cada apresenta\u00e7\u00e3o, o candidato receber\u00e1 das entidades um documento com as principais demandas de com\u00e9rcio e servi\u00e7os tais como melhorias no ambiente de neg\u00f3cios, seguran\u00e7a p\u00fablica e com\u00e9rcio ilegal, agenda ambiental, infraestrutura e log\u00edstica, digitaliza\u00e7\u00e3o e desburocratiza\u00e7\u00e3o do estado.<\/p>\n\n\n\n<p>Os Di\u00e1logos com candidatos \u00e0 Presid\u00eancia da Rep\u00fablica ocorrer\u00e3o diante de uma plateia esperada de mais de 400 l\u00edderes empresariais de todo o Brasil. A transmiss\u00e3o ao vivo acontecer\u00e1, tamb\u00e9m, pelos canais das oito entidades que comp\u00f5em a UNECS, com expectativa de alcan\u00e7ar cerca de 1,5 milh\u00e3o de espectadores.<\/p>\n\n\n\n<p><strong>UNECS<\/strong><br>Fundado em 2014, o Instituto UNECS representa a for\u00e7a e a organiza\u00e7\u00e3o pol\u00edtico-institucional do setor de com\u00e9rcio e servi\u00e7os. Tem como objetivo defender os interesses do setor no Brasil, contribuindo para o debate, o interc\u00e2mbio de ideias e o fortalecimento dos segmentos que, juntos, representam 73% do PIB do Brasil.<\/p>\n\n\n\n<p>Atualmente comandado por Jos\u00e9 C\u00e9sar da Costa \u2013 tamb\u00e9m presidente da Confedera\u00e7\u00e3o Nacional de Dirigentes Lojistas (CNDL) \u2013 Instituto UNECS congrega as oito maiores entidades organizadas e de livre ades\u00e3o do setor, presentes em todo o territ\u00f3rio nacional: a Associa\u00e7\u00e3o Brasileira de Supermercados (ABRAS); a Associa\u00e7\u00e3o Brasileira de Atacadistas e Distribuidores (ABAD); a Associa\u00e7\u00e3o Brasileira de Bares e Restaurantes (ABRASEL); a Associa\u00e7\u00e3o Brasileira de Shopping Centers (ABRASCE); a Associa\u00e7\u00e3o Brasileira de Tecnologia para o Com\u00e9rcio e Servi\u00e7os (AFRAC); a Associa\u00e7\u00e3o Nacional dos Comerciantes de Material de Constru\u00e7\u00e3o (ANAMACO); a Confedera\u00e7\u00e3o das Associa\u00e7\u00f5es Comerciais e Empresariais do Brasil (CACB) e a Confedera\u00e7\u00e3o Nacional dos Dirigentes Lojistas (CNDL).<\/p>\n\n\n\n<p>Por meio de suas empresas, o setor de com\u00e9rcio e servi\u00e7os se relaciona com cerca de 190 milh\u00f5es de cidad\u00e3os. Maior gerador de empregos e de renda do pa\u00eds, oferece oportunidades a todos os brasileiros, desde o ingresso no mercado de trabalho com o primeiro emprego. \u00c9 respons\u00e1vel por 57% dos postos de trabalho no Brasil e abrange 77% dos estabelecimentos ativos no pa\u00eds. \u00c9 tamb\u00e9m respons\u00e1vel por 65% das opera\u00e7\u00f5es de cr\u00e9dito e d\u00e9bito e pela gera\u00e7\u00e3o de 27 milh\u00f5es de empregos diretos.<\/p>\n\n\n\n<p><em>Servi\u00e7o<\/em><br><strong>Agenda UNECS: Di\u00e1logos com Candidatos \u00e0 presid\u00eancia da Rep\u00fablica<\/strong><br>Local: Centro de Conven\u00e7\u00f5es Brasil 21 (Setor Hoteleiro Sul, Qd 6, Lote 1, Conjunto A, Asa Sul, Bras\u00edlia, DF)<br>Data: 30 de agosto de 2022<br>In\u00edcio: 9h<br>Tramiss\u00e3o: <a href=\"https:\/\/www.youtube.com\/CNDLBrasil\" target=\"_blank\" rel=\"noreferrer noopener\">www.youtube.com\/CNDLBrasil<\/a><\/p>\n","protected":false},"excerpt":{"rendered":"<p>Evento contar\u00e1 com a participa\u00e7\u00e3o presencial de mais de 400 l\u00edderes empresariais; os presidentes do Instituto UNECS dialogar\u00e3o com candidatos \u00e0 Presid\u00eancia sobre temas relevantes para o setor.<\/p>\n","protected":false},"author":8,"featured_media":17139,"comment_status":"closed","ping_status":"open","sticky":false,"template":"","format":"standard","meta":{"footnotes":""},"categories":[5891],"tags":[279,247,341,909,317,1107,249],"class_list":["post-17137","post","type-post","status-publish","format-standard","has-post-thumbnail","hentry","category-empreendedorismo","tag-cndl","tag-comercio","tag-economia","tag-eleicoes-2022","tag-empreendedorismo","tag-unecs","tag-varejo"],"_links":{"self":[{"href":"https:\/\/cndl.org.br\/varejosa\/wp-json\/wp\/v2\/posts\/17137","targetHints":{"allow":["GET"]}}],"collection":[{"href":"https:\/\/cndl.org.br\/varejosa\/wp-json\/wp\/v2\/posts"}],"about":[{"href":"https:\/\/cndl.org.br\/varejosa\/wp-json\/wp\/v2\/types\/post"}],"author":[{"embeddable":true,"href":"https:\/\/cndl.org.br\/varejosa\/wp-json\/wp\/v2\/users\/8"}],"replies":[{"embeddable":true,"href":"https:\/\/cndl.org.br\/varejosa\/wp-json\/wp\/v2\/comments?post=17137"}],"version-history":[{"count":0,"href":"https:\/\/cndl.org.br\/varejosa\/wp-json\/wp\/v2\/posts\/17137\/revisions"}],"wp:featuredmedia":[{"embeddable":true,"href":"https:\/\/cndl.org.br\/varejosa\/wp-json\/wp\/v2\/media\/17139"}],"wp:attachment":[{"href":"https:\/\/cndl.org.br\/varejosa\/wp-json\/wp\/v2\/media?parent=17137"}],"wp:term":[{"taxonomy":"category","embeddable":true,"href":"https:\/\/cndl.org.br\/varejosa\/wp-json\/wp\/v2\/categories?post=17137"},{"taxonomy":"post_tag","embeddable":true,"href":"https:\/\/cndl.org.br\/varejosa\/wp-json\/wp\/v2\/tags?post=17137"}],"curies":[{"name":"wp","href":"https:\/\/api.w.org\/{rel}","templated":true}]}}