{"id":17199,"date":"2022-09-05T09:53:34","date_gmt":"2022-09-05T12:53:34","guid":{"rendered":"https:\/\/cndl.org.br\/varejosasa\/?p=17199"},"modified":"2024-02-04T13:26:44","modified_gmt":"2024-02-04T16:26:44","slug":"pequenos-negocios-geram-70-das-novas-vagas-de-empregos-em-julho","status":"publish","type":"post","link":"https:\/\/cndl.org.br\/varejosa\/pequenos-negocios-geram-70-das-novas-vagas-de-empregos-em-julho\/","title":{"rendered":"Pequenos neg\u00f3cios geram 70% das novas vagas de empregos em julho"},"content":{"rendered":"\n<p>As micro e pequenas empresas foram respons\u00e1veis por sete em cada dez vagas de trabalho formais criadas em julho deste ano, mantendo o ritmo de gera\u00e7\u00e3o de empregos registrado nos seis primeiros meses do ano.<\/p>\n\n\n\n<p>O levantamento foi realizado pelo Servi\u00e7o Brasileiro de Apoio \u00e0s Micro e Pequenas Empresas (Sebrae), a partir de dados do Cadastro Geral de Empregados e Desempregados (Caged), do Minist\u00e9rio do Trabalho e Previd\u00eancia.<\/p>\n\n\n\n<p>Os pequenos neg\u00f3cios apresentaram um saldo positivo de 176,8 mil novas contrata\u00e7\u00f5es, contra um saldo de 50,6 mil postos de trabalho das m\u00e9dias e grandes, o que corresponde a 70,2%. De acordo com o Sebrae, a m\u00e9dia mensal de empregos gerados pelos pequenos neg\u00f3cios, desde o in\u00edcio do ano, se mant\u00e9m superior a 160 mil.<\/p>\n\n\n\n<p>No acumulado de 2022, o Brasil j\u00e1 supera a marca de 1,5 milh\u00e3o de empregos gerados, sendo as micro e pequenas empresas respons\u00e1veis por 1,1 milh\u00e3o (72% do total). Por sua vez, as m\u00e9dias e grandes criaram 327,2 mil vagas (21%).<\/p>\n\n\n\n<p>\u201cAssim como j\u00e1 havia sido registrado em maio e junho, todos os setores, em todos os portes, apresentaram saldos de contrata\u00e7\u00f5es positivos no m\u00eas de julho. Entre as micro e pequenas empresas, os tr\u00eas setores que mais geraram empregos se mant\u00eam: servi\u00e7os (61.996), com\u00e9rcio (34.469) e constru\u00e7\u00e3o (30.661)\u201d, diz o Sebrae, em nota.<\/p>\n\n\n\n<p>A entidade comemorou a recupera\u00e7\u00e3o do setor de servi\u00e7os, fortemente impactado pela pandemia de covid-19:<\/p>\n\n\n\n<p>\u201cA forte recupera\u00e7\u00e3o de servi\u00e7os tamb\u00e9m \u00e9 detectada quando se analisa o acumulado do ano. Entre os pequenos neg\u00f3cios, apenas esse setor gerou quase 600 mil postos de trabalho dentre os 1,1 milh\u00e3o criados pelo segmento. Todos os setores dos pequenos neg\u00f3cios apresentam saldo positivo de gera\u00e7\u00e3o de empregos. Entre as m\u00e9dias e grandes empresas, o \u00fanico segmento que continua com saldo negativo \u00e9 o setor de com\u00e9rcio\u201d.<\/p>\n\n\n\n<p><em>Fonte: Ag\u00eancia Brasil<\/em><\/p>\n","protected":false},"excerpt":{"rendered":"<p>Os pequenos neg\u00f3cios apresentaram um saldo positivo de 176,8 mil novas contrata\u00e7\u00f5es, contra um saldo de 50,6 mil postos de trabalho das m\u00e9dias e grandes, o que corresponde a 70,2%.<\/p>\n","protected":false},"author":9,"featured_media":17200,"comment_status":"closed","ping_status":"open","sticky":false,"template":"","format":"standard","meta":{"footnotes":""},"categories":[26],"tags":[871,247,341,612,289],"class_list":["post-17199","post","type-post","status-publish","format-standard","has-post-thumbnail","hentry","category-negocios-e-economia","tag-caged","tag-comercio","tag-economia","tag-empregos","tag-sebrae"],"_links":{"self":[{"href":"https:\/\/cndl.org.br\/varejosa\/wp-json\/wp\/v2\/posts\/17199","targetHints":{"allow":["GET"]}}],"collection":[{"href":"https:\/\/cndl.org.br\/varejosa\/wp-json\/wp\/v2\/posts"}],"about":[{"href":"https:\/\/cndl.org.br\/varejosa\/wp-json\/wp\/v2\/types\/post"}],"author":[{"embeddable":true,"href":"https:\/\/cndl.org.br\/varejosa\/wp-json\/wp\/v2\/users\/9"}],"replies":[{"embeddable":true,"href":"https:\/\/cndl.org.br\/varejosa\/wp-json\/wp\/v2\/comments?post=17199"}],"version-history":[{"count":0,"href":"https:\/\/cndl.org.br\/varejosa\/wp-json\/wp\/v2\/posts\/17199\/revisions"}],"wp:featuredmedia":[{"embeddable":true,"href":"https:\/\/cndl.org.br\/varejosa\/wp-json\/wp\/v2\/media\/17200"}],"wp:attachment":[{"href":"https:\/\/cndl.org.br\/varejosa\/wp-json\/wp\/v2\/media?parent=17199"}],"wp:term":[{"taxonomy":"category","embeddable":true,"href":"https:\/\/cndl.org.br\/varejosa\/wp-json\/wp\/v2\/categories?post=17199"},{"taxonomy":"post_tag","embeddable":true,"href":"https:\/\/cndl.org.br\/varejosa\/wp-json\/wp\/v2\/tags?post=17199"}],"curies":[{"name":"wp","href":"https:\/\/api.w.org\/{rel}","templated":true}]}}