{"id":17234,"date":"2022-09-09T14:07:14","date_gmt":"2022-09-09T17:07:14","guid":{"rendered":"https:\/\/cndl.org.br\/varejosasa\/?p=17234"},"modified":"2024-02-04T13:26:44","modified_gmt":"2024-02-04T16:26:44","slug":"consumo-nos-lares-brasileiros-cresce-775-em-julho","status":"publish","type":"post","link":"https:\/\/cndl.org.br\/varejosa\/consumo-nos-lares-brasileiros-cresce-775-em-julho\/","title":{"rendered":"Consumo nos Lares Brasileiros cresce 7,75% em julho"},"content":{"rendered":"\n<p><em>Varia\u00e7\u00e3o de pre\u00e7os do \u00edndice Abrasmercado atinge menor patamar no ano e pre\u00e7os de alimentos b\u00e1sicos como \u00f3leo de soja, feij\u00e3o, arroz, a\u00e7\u00facar e hortifrutigranjeiros registram quedas no m\u00eas<\/em><\/p>\n\n\n\n<p>A desacelera\u00e7\u00e3o nos pre\u00e7os de alguns alimentos contribuiu para a manuten\u00e7\u00e3o do Consumo no Lares em julho \u2013 m\u00eas que antecede a libera\u00e7\u00e3o de recursos do pacote de benef\u00edcios aprovado pelo Congresso Nacional. O indicador encerrou o m\u00eas em alta de 7,75% ante junho. No ano, o consumo nos lares acumula alta de 2,57%.<\/p>\n\n\n\n<p>Na compara\u00e7\u00e3o com junho de 2021, a alta \u00e9 de 8,02%, de acordo com estudos do departamento de Economia e Pesquisa da ABRAS &#8211; Associa\u00e7\u00e3o Brasileira de Supermercados. O resultado contempla os formatos de loja: atacarejo, supermercado convencional, loja de vizinhan\u00e7a, hipermercado, minimercado e e-commerce.<\/p>\n\n\n\n<p>Todos os indicadores s\u00e3o deflacionados pelo IPCA &#8211; \u00cdndice Nacional de Pre\u00e7os ao Consumidor Amplo, medido pelo IBGE &#8211; Instituto Brasileiro de Geografia e Estat\u00edstica.<\/p>\n\n\n\n<p>Em julho, al\u00e9m da desacelera\u00e7\u00e3o nos pre\u00e7os dos alimentos, o m\u00eas teve cinco finais de semana, o que contribuiu para um maior n\u00famero idas ao ponto de venda.<\/p>\n\n\n\n<p>\u201cMonitoramos desde julho os primeiros sinais de retra\u00e7\u00e3o nos pre\u00e7os de alguns itens que tiveram altas expressivas decorrentes de fatores clim\u00e1ticos, sazonais e das commodities que v\u00eam pressionando a cesta de alimentos desde o in\u00edcio do ano. Se mantida essa menor press\u00e3o inflacion\u00e1ria, o consumo tende a ser crescente neste segundo semestre diante do crescimento do emprego e dos recursos injetados na economia\u201d, analisa o vice-presidente da ABRAS, Marcio Milan.<\/p>\n\n\n\n<p>Abrasmercado: alimentos b\u00e1sicos registraram queda nos pre\u00e7os e l\u00e1cteos puxaram as altas da cesta em todas as cinco regi\u00f5es do pa\u00eds<\/p>\n\n\n\n<p>Em julho, a varia\u00e7\u00e3o de pre\u00e7os do Abrasmercado atingiu o menor patamar do ano, com alta de 0,63%. O indicador detectou a queda de pre\u00e7os em produtos b\u00e1sicos como \u00f3leo de soja, feij\u00e3o, arroz, a\u00e7\u00facar e nos itens da cesta de hortifrutigranjeiros, dentre eles batata, tomate, cebola.<\/p>\n\n\n\n<p>Pelo segundo m\u00eas consecutivo, o \u00f3leo de soja apresentou retra\u00e7\u00e3o. Na compara\u00e7\u00e3o com junho o pre\u00e7o caiu -2,41%. E, pela primeira vez, ap\u00f3s seis meses de alta, o pre\u00e7o do feij\u00e3o ficou -1,69% mais baixo.<\/p>\n\n\n\n<p>O indicador apontou ainda a terceira queda no pre\u00e7o do a\u00e7\u00facar, que em julho retraiu -0,60%. O arroz teve menor varia\u00e7\u00e3o nos pre\u00e7os, de -0,11%, e acumula queda de -5,77% em 12 meses.<\/p>\n\n\n\n<p>As maiores quedas nos pre\u00e7os vieram dos hortifrutigranjeiros que impactaram a cesta desde o in\u00edcio do ano por problemas clim\u00e1ticos, menor oferta nas regi\u00f5es produtoras e altos custos dos fretes. Dentre eles, tomate (-23,68%), batata (-16,62%), cebola (-5,55%).<\/p>\n\n\n\n<p>O pre\u00e7o das prote\u00ednas variou menos de 1% em julho. Os destaques foram carne traseiro (-0,83%) &#8211; quarta queda no ano -, ovo (+0,42%), pernil (+0,43%), frango congelado (+0,69%). Dos cortes bovinos analisados pelo Abrasmercado, a maior alta foi do dianteiro (+1,14%) depois de dois meses seguidos de retra\u00e7\u00e3o.<\/p>\n\n\n\n<p>Na contram\u00e3o das quedas de pre\u00e7os, a cesta nacional foi fortemente pressionada pelos produtos l\u00e1cteos. Em julho, quatro das cinco maiores altas foram puxadas por leite e derivados. O leite longa vida ficou 25,46% mais caro e os derivados cerca de +5%. Dentre eles, leite em p\u00f3 (+5,36%), queijo mu\u00e7arela (+5,28%), queijo prato (+5,18%).<\/p>\n\n\n\n<p>Outro item com significativa alta foi o sal (+3,96%). Custos com frete e embalagens vem encarecendo o produto, que acumula alta de 11,75% no ano.<\/p>\n\n\n\n<p>Na categoria de higiene e beleza as altas foram puxadas por sabonete (+1,97%), xampu (+1,10%), papel higi\u00eanico (+1,01%), creme dental (+0,99%).<\/p>\n\n\n\n<p>Na cesta de limpeza, a maior alta foi registrada no sab\u00e3o em p\u00f3 (+2,14%), detergente l\u00edquido para lou\u00e7as (+1,66%), desinfetante (+1,20%), \u00e1gua sanit\u00e1ria (+0,22%).<\/p>\n\n\n\n<p>Em julho, a cesta nacional composta por 35 produtos de largo consumo como alimentos, bebidas, carnes, produtos de limpeza, itens de higiene e beleza passou de R$ 773,44 para R$ 778,32. No ano, a alta \u00e9 de 11,10%.<\/p>\n\n\n\n<p><strong>Pre\u00e7os da cesta caem nas regi\u00f5es Norte e Nordeste<br><\/strong>Em linha com a retra\u00e7\u00e3o nos pre\u00e7os da cesta nacional, a regi\u00e3o Nordeste apresentou varia\u00e7\u00e3o negativa nos pre\u00e7os da cesta, de -0,14%, e teve a cesta mais barata dentre as cinco regi\u00f5es. Em julho, o valor m\u00e9dio foi de R$ 690,64.<\/p>\n\n\n\n<p>Outra varia\u00e7\u00e3o negativa veio da regi\u00e3o Norte, de -0,07%, com pre\u00e7os m\u00e9dios da cesta em R$ 833,08.<\/p>\n\n\n\n<p>Na regi\u00e3o Sul, a varia\u00e7\u00e3o no pre\u00e7o da cesta foi de +0,15%, a menor varia\u00e7\u00e3o do ano. Em julho, o pre\u00e7o m\u00e9dio da cesta foi de R$ 880,05 e a regi\u00e3o tem a cesta mais cara do Pa\u00eds.<\/p>\n\n\n\n<p>As regi\u00f5es Centro-Oeste e Sudeste tiveram as maiores varia\u00e7\u00f5es: de +1,85% e +1,86%, nesta ordem. As cestas custaram, em m\u00e9dia, R$ 716,09 e R$ 769,86, respectivamente.<\/p>\n","protected":false},"excerpt":{"rendered":"<p>Varia\u00e7\u00e3o de pre\u00e7os do \u00edndice Abrasmercado atinge menor patamar no ano e pre\u00e7os de alimentos b\u00e1sicos como \u00f3leo de soja, feij\u00e3o, arroz, a\u00e7\u00facar e hortifrutigranjeiros registram quedas no m\u00eas.<\/p>\n","protected":false},"author":7,"featured_media":17242,"comment_status":"closed","ping_status":"open","sticky":false,"template":"","format":"standard","meta":{"footnotes":""},"categories":[26],"tags":[292,341,305,584,400,250],"class_list":["post-17234","post","type-post","status-publish","format-standard","has-post-thumbnail","hentry","category-negocios-e-economia","tag-consumo","tag-economia","tag-ibge","tag-ipca","tag-supermercado","tag-vendas"],"_links":{"self":[{"href":"https:\/\/cndl.org.br\/varejosa\/wp-json\/wp\/v2\/posts\/17234","targetHints":{"allow":["GET"]}}],"collection":[{"href":"https:\/\/cndl.org.br\/varejosa\/wp-json\/wp\/v2\/posts"}],"about":[{"href":"https:\/\/cndl.org.br\/varejosa\/wp-json\/wp\/v2\/types\/post"}],"author":[{"embeddable":true,"href":"https:\/\/cndl.org.br\/varejosa\/wp-json\/wp\/v2\/users\/7"}],"replies":[{"embeddable":true,"href":"https:\/\/cndl.org.br\/varejosa\/wp-json\/wp\/v2\/comments?post=17234"}],"version-history":[{"count":0,"href":"https:\/\/cndl.org.br\/varejosa\/wp-json\/wp\/v2\/posts\/17234\/revisions"}],"wp:featuredmedia":[{"embeddable":true,"href":"https:\/\/cndl.org.br\/varejosa\/wp-json\/wp\/v2\/media\/17242"}],"wp:attachment":[{"href":"https:\/\/cndl.org.br\/varejosa\/wp-json\/wp\/v2\/media?parent=17234"}],"wp:term":[{"taxonomy":"category","embeddable":true,"href":"https:\/\/cndl.org.br\/varejosa\/wp-json\/wp\/v2\/categories?post=17234"},{"taxonomy":"post_tag","embeddable":true,"href":"https:\/\/cndl.org.br\/varejosa\/wp-json\/wp\/v2\/tags?post=17234"}],"curies":[{"name":"wp","href":"https:\/\/api.w.org\/{rel}","templated":true}]}}